{"id":13817,"date":"2023-07-06T13:50:58","date_gmt":"2023-07-06T13:50:58","guid":{"rendered":"https:\/\/paris.pan.pl\/polish-viva-technology-meetup\/"},"modified":"2023-07-06T13:50:58","modified_gmt":"2023-07-06T13:50:58","slug":"polish-viva-technology-meetup","status":"publish","type":"post","link":"https:\/\/paris.pan.pl\/en\/polish-viva-technology-meetup\/","title":{"rendered":"Polish Viva Technology MeetUp"},"content":{"rendered":"<p style=\"text-align: justify;\">W dniach <strong>14 \u2013 17 czerwca 2023<\/strong> w Pary\u017cu odby\u0142y si\u0119 najwi\u0119ksze w Europie targi po\u015bwi\u0119cone start-upom i technologii \u2013 <strong>Viva Technology<\/strong>, uznawane na ca\u0142ym \u015bwiecie za pot\u0119\u017cny katalizator transformacji biznesowej i innowacji. Wydarzenie zgromadzi\u0142o czo\u0142owych \u015bwiatowych lider\u00f3w biznesu, inwestor\u00f3w, badaczy i przedstawicieli start-up\u00f3w, kt\u00f3rzy mogli zaprezentowa\u0107 swoje innowacyjne rozwi\u0105zania technologiczne, wzajemnie si\u0119 inspiruj\u0105c i nawi\u0105zuj\u0105c nowe kontakty. Podczas wydarzenia wystapili m.in. <strong>Elon Musk<\/strong> czy <strong>Emanuel Macron<\/strong>, a tak\u017ce przedstawiciele najwi\u0119kszych firm technologicznych (np. Orange, PayPal, Salesforce czy META).<\/p>\n<p style=\"text-align: justify;\">Sw\u00f3j udzia\u0142 w wydarzeniu mia\u0142a tak\u017ce <strong>PAN Stacja Naukowa w Pary\u017cu<\/strong>, kt\u00f3ra by\u0142a partnerem wydarzenia zaorganizowanego z inicjatywy <strong>Ambasady RP w Pary\u017cu<\/strong>. <strong>Polish VIVA TECHNOLOGY MeetUP<\/strong> odby\u0142o si\u0119 <strong>15 czerwca<\/strong> i mia\u0142o na celu podkre\u015blenie udzia\u0142u Polski w targach oraz umocnienie wsp\u00f3\u0142pracy polsko-francuskiej w bran\u017cy technologicznej, a tak\u017ce stworzenie platformy do wymiany do\u015bwiadcze\u0144 i networkingu.<\/p>\n<p style=\"text-align: justify;\">Wydarzenie rozpocz\u0119\u0142o si\u0119 od wizyty studyjnej sektora publicznego oraz startup\u00f3w na terenie targ\u00f3w, a tak\u017ce laboratori\u00f3w parku technologicznego i g\u0142\u00f3wnej siedziby <strong>BioLabs<\/strong>.<\/p>\n<p style=\"text-align: justify;\">Druga cz\u0119\u015b\u0107 wydarzenia si\u0119 na salonach reprezentacyjnych Ambasady RP w Pary\u017cu i zgromadzi\u0142o ok. 200 uczestnik\u00f3w, w tym polskie i francuskie startupy, przedstawicieli inwestor\u00f3w polskich, francuskich i zagranicznych.<\/p>\n<p style=\"text-align: justify;\">Po otwieraj\u0105cym wyst\u0105pieniu <strong>Ambasadora Jana Emeryka Ro\u015bciszewskiego<\/strong> odby\u0142a si\u0119 debata nt. wsp\u00f3\u0142pracy polsko-francuskiej w sektorze nowych technologii, w kt\u00f3rej udzia\u0142 wzi\u0119li <strong>Eliza Kruczkowska<\/strong> &#8211; dyrektorka Polskiego Funduszu Rozwojowego, <strong>Christian Luginb\u00fchl<\/strong> &#8211; wiceprezes Orange Europe, <strong>Arkadiusz Ilgowski<\/strong> \u2013 prezes Comarch France, <strong>Walid Barsali<\/strong> \u2013 prezes La French Tech Warsaw, <strong>Kasia Lechka<\/strong> \u2013 prezeska Polish Tech Day oraz <strong>\u00a0Grzegorz Lewicki<\/strong> z 300RESEARCH.<\/p>\n<p style=\"text-align: justify;\">Spotkanie zako\u0144czy\u0142o si\u0119 networkingiem pomi\u0119dzy uczestnikami, kt\u00f3ry, mamy nadziej\u0119, zaowocuje nowymi kontaktami i wsp\u00f3\u0142pracami w polsko-francuskiej bran\u017cy technologicznej.<\/p>\n<p>&nbsp;<\/p>\n<p>&nbsp;<\/p>\n\n\t\t<style type=\"text\/css\">\n\t\t\t#gallery-1 {\n\t\t\t\tmargin: auto;\n\t\t\t}\n\t\t\t#gallery-1 .gallery-item {\n\t\t\t\tfloat: left;\n\t\t\t\tmargin-top: 10px;\n\t\t\t\ttext-align: center;\n\t\t\t\twidth: 25%;\n\t\t\t}\n\t\t\t#gallery-1 img {\n\t\t\t\tborder: 2px solid #cfcfcf;\n\t\t\t}\n\t\t\t#gallery-1 .gallery-caption {\n\t\t\t\tmargin-left: 0;\n\t\t\t}\n\t\t\t\/* see gallery_shortcode() in wp-includes\/media.php *\/\n\t\t<\/style>\n\t\t<div id='gallery-1' class='gallery galleryid-13817 gallery-columns-4 gallery-size-thumbnail'><dl class='gallery-item'>\n\t\t\t<dt class='gallery-icon landscape'>\n\t\t\t\t<a href='https:\/\/paris.pan.pl\/wp-content\/uploads\/2023\/07\/8.jpg'><img loading=\"lazy\" decoding=\"async\" width=\"150\" height=\"150\" src=\"https:\/\/paris.pan.pl\/wp-content\/uploads\/2023\/07\/8-150x150.jpg\" class=\"attachment-thumbnail size-thumbnail\" alt=\"\" srcset=\"https:\/\/paris.pan.pl\/wp-content\/uploads\/2023\/07\/8-150x150.jpg 150w, https:\/\/paris.pan.pl\/wp-content\/uploads\/2023\/07\/8-300x300.jpg 300w, https:\/\/paris.pan.pl\/wp-content\/uploads\/2023\/07\/8-440x440.jpg 440w\" sizes=\"auto, (max-width: 150px) 100vw, 150px\" \/><\/a>\n\t\t\t<\/dt><\/dl><dl class='gallery-item'>\n\t\t\t<dt class='gallery-icon landscape'>\n\t\t\t\t<a href='https:\/\/paris.pan.pl\/wp-content\/uploads\/2023\/07\/6-1.jpg'><img loading=\"lazy\" decoding=\"async\" width=\"150\" height=\"150\" src=\"https:\/\/paris.pan.pl\/wp-content\/uploads\/2023\/07\/6-1-150x150.jpg\" class=\"attachment-thumbnail size-thumbnail\" alt=\"\" srcset=\"https:\/\/paris.pan.pl\/wp-content\/uploads\/2023\/07\/6-1-150x150.jpg 150w, https:\/\/paris.pan.pl\/wp-content\/uploads\/2023\/07\/6-1-300x300.jpg 300w, https:\/\/paris.pan.pl\/wp-content\/uploads\/2023\/07\/6-1-440x440.jpg 440w\" sizes=\"auto, (max-width: 150px) 100vw, 150px\" \/><\/a>\n\t\t\t<\/dt><\/dl><dl class='gallery-item'>\n\t\t\t<dt class='gallery-icon landscape'>\n\t\t\t\t<a href='https:\/\/paris.pan.pl\/wp-content\/uploads\/2023\/07\/5-1.jpg'><img loading=\"lazy\" decoding=\"async\" width=\"150\" height=\"150\" src=\"https:\/\/paris.pan.pl\/wp-content\/uploads\/2023\/07\/5-1-150x150.jpg\" class=\"attachment-thumbnail size-thumbnail\" alt=\"\" srcset=\"https:\/\/paris.pan.pl\/wp-content\/uploads\/2023\/07\/5-1-150x150.jpg 150w, https:\/\/paris.pan.pl\/wp-content\/uploads\/2023\/07\/5-1-300x300.jpg 300w, https:\/\/paris.pan.pl\/wp-content\/uploads\/2023\/07\/5-1-440x440.jpg 440w\" sizes=\"auto, (max-width: 150px) 100vw, 150px\" \/><\/a>\n\t\t\t<\/dt><\/dl><dl class='gallery-item'>\n\t\t\t<dt class='gallery-icon landscape'>\n\t\t\t\t<a href='https:\/\/paris.pan.pl\/wp-content\/uploads\/2023\/07\/1-1.jpg'><img loading=\"lazy\" decoding=\"async\" width=\"150\" height=\"150\" src=\"https:\/\/paris.pan.pl\/wp-content\/uploads\/2023\/07\/1-1-150x150.jpg\" class=\"attachment-thumbnail size-thumbnail\" alt=\"\" srcset=\"https:\/\/paris.pan.pl\/wp-content\/uploads\/2023\/07\/1-1-150x150.jpg 150w, https:\/\/paris.pan.pl\/wp-content\/uploads\/2023\/07\/1-1-300x300.jpg 300w, https:\/\/paris.pan.pl\/wp-content\/uploads\/2023\/07\/1-1-440x440.jpg 440w\" sizes=\"auto, (max-width: 150px) 100vw, 150px\" \/><\/a>\n\t\t\t<\/dt><\/dl><br style=\"clear: both\" \/>\n\t\t<\/div>\n\n","protected":false},"excerpt":{"rendered":"<p>W dniach 14 \u2013 17 czerwca 2023 w Pary\u017cu odby\u0142y si\u0119 najwi\u0119ksze w Europie targi po\u015bwi\u0119cone start-upom i technologii \u2013 Viva Technology, uznawane na ca\u0142ym \u015bwiecie za pot\u0119\u017cny katalizator transformacji biznesowej i innowacji. Wydarzenie zgromadzi\u0142o czo\u0142owych \u015bwiatowych lider\u00f3w biznesu, inwestor\u00f3w, badaczy i przedstawicieli start-up\u00f3w, kt\u00f3rzy mogli zaprezentowa\u0107 swoje innowacyjne rozwi\u0105zania technologiczne, wzajemnie si\u0119 inspiruj\u0105c i [&hellip;]<\/p>\n","protected":false},"author":45,"featured_media":13803,"comment_status":"closed","ping_status":"closed","sticky":false,"template":"","format":"standard","meta":{"_acf_changed":false,"_et_pb_use_builder":"","_et_pb_old_content":"","_et_gb_content_width":"","footnotes":""},"categories":[152],"tags":[],"class_list":["post-13817","post","type-post","status-publish","format-standard","has-post-thumbnail","hentry","category-event-reports","et-has-post-format-content","et_post_format-et-post-format-standard"],"acf":[],"_links":{"self":[{"href":"https:\/\/paris.pan.pl\/en\/wp-json\/wp\/v2\/posts\/13817","targetHints":{"allow":["GET"]}}],"collection":[{"href":"https:\/\/paris.pan.pl\/en\/wp-json\/wp\/v2\/posts"}],"about":[{"href":"https:\/\/paris.pan.pl\/en\/wp-json\/wp\/v2\/types\/post"}],"author":[{"embeddable":true,"href":"https:\/\/paris.pan.pl\/en\/wp-json\/wp\/v2\/users\/45"}],"replies":[{"embeddable":true,"href":"https:\/\/paris.pan.pl\/en\/wp-json\/wp\/v2\/comments?post=13817"}],"version-history":[{"count":0,"href":"https:\/\/paris.pan.pl\/en\/wp-json\/wp\/v2\/posts\/13817\/revisions"}],"wp:featuredmedia":[{"embeddable":true,"href":"https:\/\/paris.pan.pl\/en\/wp-json\/wp\/v2\/media\/13803"}],"wp:attachment":[{"href":"https:\/\/paris.pan.pl\/en\/wp-json\/wp\/v2\/media?parent=13817"}],"wp:term":[{"taxonomy":"category","embeddable":true,"href":"https:\/\/paris.pan.pl\/en\/wp-json\/wp\/v2\/categories?post=13817"},{"taxonomy":"post_tag","embeddable":true,"href":"https:\/\/paris.pan.pl\/en\/wp-json\/wp\/v2\/tags?post=13817"}],"curies":[{"name":"wp","href":"https:\/\/api.w.org\/{rel}","templated":true}]}}