{"id":19789,"date":"2025-12-16T11:09:52","date_gmt":"2025-12-16T11:09:52","guid":{"rendered":"https:\/\/paris.pan.pl\/?p=19789"},"modified":"2025-12-16T11:09:52","modified_gmt":"2025-12-16T11:09:52","slug":"report-from-the-france-as-our-route-of-emigration-a-musical-encounter-with-jan-mlynarski-event","status":"publish","type":"post","link":"https:\/\/paris.pan.pl\/en\/report-from-the-france-as-our-route-of-emigration-a-musical-encounter-with-jan-mlynarski-event\/","title":{"rendered":"Report from the \u201cFrance as our route of emigration: a musical encounter with Jan M\u0142ynarski\u201d event"},"content":{"rendered":"<p>On December 10, the Polish Academy of Sciences Scientific Centre in Paris hosted a musical meeting with Jan Emil M\u0142ynarski. The event was co-organized by ADDP (Association for the Defense of Democracy in Poland, based in Paris) as part of the project \u201cCaf\u00e9 Polska Europa: France on Our Emigration Route\u201d, together with the Open Dialogue Foundation, and was funded under the patronage of the Senate of the Republic of Poland for the Polish community abroad in 2025.<\/p>\n<p>The evening featured a presentation by Jan Emil M\u0142ynarski, who shared stories about the history of Warsaw\u2019s cultural life, interspersed with live performances on the mandolin-banjo. The narratives referred to the interwar period, cabarets, dance halls, and salons, as well as the lives of figures associated with Polish and international culture, such as Adrianna Godlewska, Andrzej W\u0142ast (Gustaw Baumritter), Alfred Szer, Henryk Wars, Stanis\u0142aw Grzesiuk, Marian Hemar, Wojciech M\u0142ynarski, and Edith Piaf. References were also made to Lviv, Israel, Hollywood, and Australia.<\/p>\n<p>Jan Emil M\u0142ynarski is a drummer, music producer, vocalist, and radio host specializing in the history of Warsaw, particularly during World War II and the post-war period. He is a recipient of music awards including the Fryderyk, the City of Warsaw Award, and the \u201cMateusz\u201d Award from Tr\u00f3jka. He graduated from the Drummers Collective school in New York. He is the leader of music projects in the fields of independent, experimental, and jazz music, and the founder of the Warsaw Dance Combo, where he performs traditional Warsaw songs. He recorded the album M\u0142ynarski Plays M\u0142ynarski, dedicated to the work of his father, Wojciech M\u0142ynarski. Together with Marcin Masecki, he co-founded Jazz Band M\u0142ynarski-Masecki, which performs pre-war dance repertoire. In 2024, he released his first solo percussion album, Gambit. Since 2018, he has hosted the radio program Salon, Ulica, Dancing, dedicated to Polish popular music up to 1949. He is also a member of an expert team at the Warsaw City Culture Bureau, where he works on safeguarding intangible heritage, highlighting, among other things, the significance of Polish tango as a cultural asset.<\/p>\n\n\t\t<style type=\"text\/css\">\n\t\t\t#gallery-1 {\n\t\t\t\tmargin: auto;\n\t\t\t}\n\t\t\t#gallery-1 .gallery-item {\n\t\t\t\tfloat: left;\n\t\t\t\tmargin-top: 10px;\n\t\t\t\ttext-align: center;\n\t\t\t\twidth: 25%;\n\t\t\t}\n\t\t\t#gallery-1 img {\n\t\t\t\tborder: 2px solid #cfcfcf;\n\t\t\t}\n\t\t\t#gallery-1 .gallery-caption {\n\t\t\t\tmargin-left: 0;\n\t\t\t}\n\t\t\t\/* see gallery_shortcode() in wp-includes\/media.php *\/\n\t\t<\/style>\n\t\t<div id='gallery-1' class='gallery galleryid-19789 gallery-columns-4 gallery-size-medium'><dl class='gallery-item'>\n\t\t\t<dt class='gallery-icon landscape'>\n\t\t\t\t<a href='https:\/\/paris.pan.pl\/wp-content\/uploads\/2025\/11\/JMlynarski-I.png'><img loading=\"lazy\" decoding=\"async\" width=\"300\" height=\"300\" src=\"https:\/\/paris.pan.pl\/wp-content\/uploads\/2025\/11\/JMlynarski-I-300x300.png\" class=\"attachment-medium size-medium\" alt=\"\" srcset=\"https:\/\/paris.pan.pl\/wp-content\/uploads\/2025\/11\/JMlynarski-I-300x300.png 300w, https:\/\/paris.pan.pl\/wp-content\/uploads\/2025\/11\/JMlynarski-I-1024x1024.png 1024w, https:\/\/paris.pan.pl\/wp-content\/uploads\/2025\/11\/JMlynarski-I-150x150.png 150w, https:\/\/paris.pan.pl\/wp-content\/uploads\/2025\/11\/JMlynarski-I-768x768.png 768w, https:\/\/paris.pan.pl\/wp-content\/uploads\/2025\/11\/JMlynarski-I-1536x1536.png 1536w, https:\/\/paris.pan.pl\/wp-content\/uploads\/2025\/11\/JMlynarski-I-406x406.png 406w, https:\/\/paris.pan.pl\/wp-content\/uploads\/2025\/11\/JMlynarski-I-1080x1080.png 1080w, https:\/\/paris.pan.pl\/wp-content\/uploads\/2025\/11\/JMlynarski-I-440x440.png 440w, https:\/\/paris.pan.pl\/wp-content\/uploads\/2025\/11\/JMlynarski-I.png 1772w\" sizes=\"auto, (max-width: 300px) 100vw, 300px\" \/><\/a>\n\t\t\t<\/dt><\/dl><dl class='gallery-item'>\n\t\t\t<dt class='gallery-icon landscape'>\n\t\t\t\t<a href='https:\/\/paris.pan.pl\/wp-content\/uploads\/2025\/11\/JMlynarski-II.png'><img loading=\"lazy\" decoding=\"async\" width=\"300\" height=\"300\" src=\"https:\/\/paris.pan.pl\/wp-content\/uploads\/2025\/11\/JMlynarski-II-300x300.png\" class=\"attachment-medium size-medium\" alt=\"\" srcset=\"https:\/\/paris.pan.pl\/wp-content\/uploads\/2025\/11\/JMlynarski-II-300x300.png 300w, https:\/\/paris.pan.pl\/wp-content\/uploads\/2025\/11\/JMlynarski-II-1024x1024.png 1024w, https:\/\/paris.pan.pl\/wp-content\/uploads\/2025\/11\/JMlynarski-II-150x150.png 150w, https:\/\/paris.pan.pl\/wp-content\/uploads\/2025\/11\/JMlynarski-II-768x768.png 768w, https:\/\/paris.pan.pl\/wp-content\/uploads\/2025\/11\/JMlynarski-II-1536x1536.png 1536w, https:\/\/paris.pan.pl\/wp-content\/uploads\/2025\/11\/JMlynarski-II-406x406.png 406w, https:\/\/paris.pan.pl\/wp-content\/uploads\/2025\/11\/JMlynarski-II-1080x1080.png 1080w, https:\/\/paris.pan.pl\/wp-content\/uploads\/2025\/11\/JMlynarski-II-440x440.png 440w, https:\/\/paris.pan.pl\/wp-content\/uploads\/2025\/11\/JMlynarski-II.png 1772w\" sizes=\"auto, (max-width: 300px) 100vw, 300px\" \/><\/a>\n\t\t\t<\/dt><\/dl><dl class='gallery-item'>\n\t\t\t<dt class='gallery-icon landscape'>\n\t\t\t\t<a href='https:\/\/paris.pan.pl\/wp-content\/uploads\/2025\/11\/JMlynarski-III.png'><img loading=\"lazy\" decoding=\"async\" width=\"300\" height=\"300\" src=\"https:\/\/paris.pan.pl\/wp-content\/uploads\/2025\/11\/JMlynarski-III-300x300.png\" class=\"attachment-medium size-medium\" alt=\"\" srcset=\"https:\/\/paris.pan.pl\/wp-content\/uploads\/2025\/11\/JMlynarski-III-300x300.png 300w, https:\/\/paris.pan.pl\/wp-content\/uploads\/2025\/11\/JMlynarski-III-1024x1024.png 1024w, https:\/\/paris.pan.pl\/wp-content\/uploads\/2025\/11\/JMlynarski-III-150x150.png 150w, https:\/\/paris.pan.pl\/wp-content\/uploads\/2025\/11\/JMlynarski-III-768x768.png 768w, https:\/\/paris.pan.pl\/wp-content\/uploads\/2025\/11\/JMlynarski-III-1536x1536.png 1536w, https:\/\/paris.pan.pl\/wp-content\/uploads\/2025\/11\/JMlynarski-III-406x406.png 406w, https:\/\/paris.pan.pl\/wp-content\/uploads\/2025\/11\/JMlynarski-III-1080x1080.png 1080w, https:\/\/paris.pan.pl\/wp-content\/uploads\/2025\/11\/JMlynarski-III-440x440.png 440w, https:\/\/paris.pan.pl\/wp-content\/uploads\/2025\/11\/JMlynarski-III.png 1772w\" sizes=\"auto, (max-width: 300px) 100vw, 300px\" \/><\/a>\n\t\t\t<\/dt><\/dl><dl class='gallery-item'>\n\t\t\t<dt class='gallery-icon landscape'>\n\t\t\t\t<a href='https:\/\/paris.pan.pl\/wp-content\/uploads\/2025\/11\/JMlynarski-IV.png'><img loading=\"lazy\" decoding=\"async\" width=\"300\" height=\"300\" src=\"https:\/\/paris.pan.pl\/wp-content\/uploads\/2025\/11\/JMlynarski-IV-300x300.png\" class=\"attachment-medium size-medium\" alt=\"\" srcset=\"https:\/\/paris.pan.pl\/wp-content\/uploads\/2025\/11\/JMlynarski-IV-300x300.png 300w, https:\/\/paris.pan.pl\/wp-content\/uploads\/2025\/11\/JMlynarski-IV-1024x1024.png 1024w, https:\/\/paris.pan.pl\/wp-content\/uploads\/2025\/11\/JMlynarski-IV-150x150.png 150w, https:\/\/paris.pan.pl\/wp-content\/uploads\/2025\/11\/JMlynarski-IV-768x768.png 768w, https:\/\/paris.pan.pl\/wp-content\/uploads\/2025\/11\/JMlynarski-IV-1536x1536.png 1536w, https:\/\/paris.pan.pl\/wp-content\/uploads\/2025\/11\/JMlynarski-IV-406x406.png 406w, https:\/\/paris.pan.pl\/wp-content\/uploads\/2025\/11\/JMlynarski-IV-1080x1080.png 1080w, https:\/\/paris.pan.pl\/wp-content\/uploads\/2025\/11\/JMlynarski-IV-440x440.png 440w, https:\/\/paris.pan.pl\/wp-content\/uploads\/2025\/11\/JMlynarski-IV.png 1772w\" sizes=\"auto, (max-width: 300px) 100vw, 300px\" \/><\/a>\n\t\t\t<\/dt><\/dl><br style=\"clear: both\" \/>\n\t\t<\/div>\n\n","protected":false},"excerpt":{"rendered":"<p>On December 10, the Polish Academy of Sciences Scientific Centre in Paris hosted a musical meeting with Jan Emil M\u0142ynarski. The event was co-organized by ADDP (Association for the Defense of Democracy in Poland, based in Paris) as part of the project \u201cCaf\u00e9 Polska Europa: France on Our Emigration Route\u201d, together with the Open Dialogue [&hellip;]<\/p>\n","protected":false},"author":65,"featured_media":19773,"comment_status":"closed","ping_status":"closed","sticky":false,"template":"","format":"standard","meta":{"_acf_changed":false,"_et_pb_use_builder":"","_et_pb_old_content":"","_et_gb_content_width":"","footnotes":""},"categories":[152,38],"tags":[],"class_list":["post-19789","post","type-post","status-publish","format-standard","has-post-thumbnail","hentry","category-event-reports","category-news","et-has-post-format-content","et_post_format-et-post-format-standard"],"acf":[],"_links":{"self":[{"href":"https:\/\/paris.pan.pl\/en\/wp-json\/wp\/v2\/posts\/19789","targetHints":{"allow":["GET"]}}],"collection":[{"href":"https:\/\/paris.pan.pl\/en\/wp-json\/wp\/v2\/posts"}],"about":[{"href":"https:\/\/paris.pan.pl\/en\/wp-json\/wp\/v2\/types\/post"}],"author":[{"embeddable":true,"href":"https:\/\/paris.pan.pl\/en\/wp-json\/wp\/v2\/users\/65"}],"replies":[{"embeddable":true,"href":"https:\/\/paris.pan.pl\/en\/wp-json\/wp\/v2\/comments?post=19789"}],"version-history":[{"count":0,"href":"https:\/\/paris.pan.pl\/en\/wp-json\/wp\/v2\/posts\/19789\/revisions"}],"wp:featuredmedia":[{"embeddable":true,"href":"https:\/\/paris.pan.pl\/en\/wp-json\/wp\/v2\/media\/19773"}],"wp:attachment":[{"href":"https:\/\/paris.pan.pl\/en\/wp-json\/wp\/v2\/media?parent=19789"}],"wp:term":[{"taxonomy":"category","embeddable":true,"href":"https:\/\/paris.pan.pl\/en\/wp-json\/wp\/v2\/categories?post=19789"},{"taxonomy":"post_tag","embeddable":true,"href":"https:\/\/paris.pan.pl\/en\/wp-json\/wp\/v2\/tags?post=19789"}],"curies":[{"name":"wp","href":"https:\/\/api.w.org\/{rel}","templated":true}]}}