{"id":11024,"date":"2022-06-22T10:28:18","date_gmt":"2022-06-22T10:28:18","guid":{"rendered":"https:\/\/paris.pan.pl\/?p=11024"},"modified":"2022-08-24T08:32:19","modified_gmt":"2022-08-24T08:32:19","slug":"20-06-22-concert-de-piano-de-marcin-wieczorek","status":"publish","type":"post","link":"https:\/\/paris.pan.pl\/fr\/20-06-22-concert-de-piano-de-marcin-wieczorek\/","title":{"rendered":"Concert de piano de Marcin Wieczorek"},"content":{"rendered":"<p>Un concert de piano de Marcin Wieczorek, participant du XVIII Concours international de piano Fryderyk Chopin, a eu lieu le 20 juin 2022 au sein du Centre Scientifique de l&rsquo;Acad\u00e9mie Polonaise des Sciences \u00e0 Paris. L\u2019\u00e9v\u00e9nement a \u00e9t\u00e9 organis\u00e9 en coop\u00e9ration avec la Repr\u00e9sentation Permanente de la R\u00e9publique de Pologne aupr\u00e8s de l\u2019OECD, la ville de Varsovie et Sto\u0142eczna Estrada.<\/p>\n<p>&nbsp;<\/p>\n\n\t\t<style type=\"text\/css\">\n\t\t\t#gallery-1 {\n\t\t\t\tmargin: auto;\n\t\t\t}\n\t\t\t#gallery-1 .gallery-item {\n\t\t\t\tfloat: left;\n\t\t\t\tmargin-top: 10px;\n\t\t\t\ttext-align: center;\n\t\t\t\twidth: 50%;\n\t\t\t}\n\t\t\t#gallery-1 img {\n\t\t\t\tborder: 2px solid #cfcfcf;\n\t\t\t}\n\t\t\t#gallery-1 .gallery-caption {\n\t\t\t\tmargin-left: 0;\n\t\t\t}\n\t\t\t\/* see gallery_shortcode() in wp-includes\/media.php *\/\n\t\t<\/style>\n\t\t<div id='gallery-1' class='gallery galleryid-11024 gallery-columns-2 gallery-size-thumbnail'><dl class='gallery-item'>\n\t\t\t<dt class='gallery-icon landscape'>\n\t\t\t\t<a href='https:\/\/paris.pan.pl\/wp-content\/uploads\/2022\/06\/IMG_7924.jpg'><img loading=\"lazy\" decoding=\"async\" width=\"150\" height=\"150\" src=\"https:\/\/paris.pan.pl\/wp-content\/uploads\/2022\/06\/IMG_7924-150x150.jpg\" class=\"attachment-thumbnail size-thumbnail\" alt=\"\" srcset=\"https:\/\/paris.pan.pl\/wp-content\/uploads\/2022\/06\/IMG_7924-150x150.jpg 150w, https:\/\/paris.pan.pl\/wp-content\/uploads\/2022\/06\/IMG_7924-300x300.jpg 300w, https:\/\/paris.pan.pl\/wp-content\/uploads\/2022\/06\/IMG_7924-440x440.jpg 440w\" sizes=\"auto, (max-width: 150px) 100vw, 150px\" \/><\/a>\n\t\t\t<\/dt><\/dl><dl class='gallery-item'>\n\t\t\t<dt class='gallery-icon portrait'>\n\t\t\t\t<a href='https:\/\/paris.pan.pl\/wp-content\/uploads\/2022\/06\/IMG_7905.jpg'><img loading=\"lazy\" decoding=\"async\" width=\"150\" height=\"150\" src=\"https:\/\/paris.pan.pl\/wp-content\/uploads\/2022\/06\/IMG_7905-150x150.jpg\" class=\"attachment-thumbnail size-thumbnail\" alt=\"\" srcset=\"https:\/\/paris.pan.pl\/wp-content\/uploads\/2022\/06\/IMG_7905-150x150.jpg 150w, https:\/\/paris.pan.pl\/wp-content\/uploads\/2022\/06\/IMG_7905-300x300.jpg 300w, https:\/\/paris.pan.pl\/wp-content\/uploads\/2022\/06\/IMG_7905-440x440.jpg 440w\" sizes=\"auto, (max-width: 150px) 100vw, 150px\" \/><\/a>\n\t\t\t<\/dt><\/dl><br style=\"clear: both\" \/><dl class='gallery-item'>\n\t\t\t<dt class='gallery-icon portrait'>\n\t\t\t\t<a href='https:\/\/paris.pan.pl\/wp-content\/uploads\/2022\/06\/036A3107.jpg'><img loading=\"lazy\" decoding=\"async\" width=\"150\" height=\"150\" src=\"https:\/\/paris.pan.pl\/wp-content\/uploads\/2022\/06\/036A3107-150x150.jpg\" class=\"attachment-thumbnail size-thumbnail\" alt=\"\" srcset=\"https:\/\/paris.pan.pl\/wp-content\/uploads\/2022\/06\/036A3107-150x150.jpg 150w, https:\/\/paris.pan.pl\/wp-content\/uploads\/2022\/06\/036A3107-300x300.jpg 300w, https:\/\/paris.pan.pl\/wp-content\/uploads\/2022\/06\/036A3107-440x440.jpg 440w\" sizes=\"auto, (max-width: 150px) 100vw, 150px\" \/><\/a>\n\t\t\t<\/dt><\/dl><dl class='gallery-item'>\n\t\t\t<dt class='gallery-icon landscape'>\n\t\t\t\t<a href='https:\/\/paris.pan.pl\/wp-content\/uploads\/2022\/06\/036A3117.jpg'><img loading=\"lazy\" decoding=\"async\" width=\"150\" height=\"150\" src=\"https:\/\/paris.pan.pl\/wp-content\/uploads\/2022\/06\/036A3117-150x150.jpg\" class=\"attachment-thumbnail size-thumbnail\" alt=\"\" srcset=\"https:\/\/paris.pan.pl\/wp-content\/uploads\/2022\/06\/036A3117-150x150.jpg 150w, https:\/\/paris.pan.pl\/wp-content\/uploads\/2022\/06\/036A3117-300x300.jpg 300w, https:\/\/paris.pan.pl\/wp-content\/uploads\/2022\/06\/036A3117-440x440.jpg 440w\" sizes=\"auto, (max-width: 150px) 100vw, 150px\" \/><\/a>\n\t\t\t<\/dt><\/dl><br style=\"clear: both\" \/><dl class='gallery-item'>\n\t\t\t<dt class='gallery-icon landscape'>\n\t\t\t\t<a href='https:\/\/paris.pan.pl\/wp-content\/uploads\/2022\/06\/036A3112.jpg'><img loading=\"lazy\" decoding=\"async\" width=\"150\" height=\"150\" src=\"https:\/\/paris.pan.pl\/wp-content\/uploads\/2022\/06\/036A3112-150x150.jpg\" class=\"attachment-thumbnail size-thumbnail\" alt=\"\" srcset=\"https:\/\/paris.pan.pl\/wp-content\/uploads\/2022\/06\/036A3112-150x150.jpg 150w, https:\/\/paris.pan.pl\/wp-content\/uploads\/2022\/06\/036A3112-300x300.jpg 300w, https:\/\/paris.pan.pl\/wp-content\/uploads\/2022\/06\/036A3112-440x440.jpg 440w\" sizes=\"auto, (max-width: 150px) 100vw, 150px\" \/><\/a>\n\t\t\t<\/dt><\/dl><dl class='gallery-item'>\n\t\t\t<dt class='gallery-icon landscape'>\n\t\t\t\t<a href='https:\/\/paris.pan.pl\/wp-content\/uploads\/2022\/06\/IMG_7911.jpg'><img loading=\"lazy\" decoding=\"async\" width=\"150\" height=\"150\" src=\"https:\/\/paris.pan.pl\/wp-content\/uploads\/2022\/06\/IMG_7911-150x150.jpg\" class=\"attachment-thumbnail size-thumbnail\" alt=\"\" srcset=\"https:\/\/paris.pan.pl\/wp-content\/uploads\/2022\/06\/IMG_7911-150x150.jpg 150w, https:\/\/paris.pan.pl\/wp-content\/uploads\/2022\/06\/IMG_7911-300x300.jpg 300w, https:\/\/paris.pan.pl\/wp-content\/uploads\/2022\/06\/IMG_7911-440x440.jpg 440w\" sizes=\"auto, (max-width: 150px) 100vw, 150px\" \/><\/a>\n\t\t\t<\/dt><\/dl><br style=\"clear: both\" \/>\n\t\t<\/div>\n\n","protected":false},"excerpt":{"rendered":"<p>Un concert de piano de Marcin Wieczorek, participant du XVIII Concours international de piano Fryderyk Chopin, a eu lieu le 20 juin 2022 au sein du Centre Scientifique de l&rsquo;Acad\u00e9mie Polonaise des Sciences \u00e0 Paris. L\u2019\u00e9v\u00e9nement a \u00e9t\u00e9 organis\u00e9 en coop\u00e9ration avec la Repr\u00e9sentation Permanente de la R\u00e9publique de Pologne aupr\u00e8s de l\u2019OECD, la ville [&hellip;]<\/p>\n","protected":false},"author":58,"featured_media":11010,"comment_status":"closed","ping_status":"closed","sticky":false,"template":"","format":"standard","meta":{"_acf_changed":false,"_et_pb_use_builder":"","_et_pb_old_content":"","_et_gb_content_width":"","footnotes":""},"categories":[19],"tags":[],"class_list":["post-11024","post","type-post","status-publish","format-standard","has-post-thumbnail","hentry","category-temoignages","et-has-post-format-content","et_post_format-et-post-format-standard"],"acf":[],"_links":{"self":[{"href":"https:\/\/paris.pan.pl\/fr\/wp-json\/wp\/v2\/posts\/11024","targetHints":{"allow":["GET"]}}],"collection":[{"href":"https:\/\/paris.pan.pl\/fr\/wp-json\/wp\/v2\/posts"}],"about":[{"href":"https:\/\/paris.pan.pl\/fr\/wp-json\/wp\/v2\/types\/post"}],"author":[{"embeddable":true,"href":"https:\/\/paris.pan.pl\/fr\/wp-json\/wp\/v2\/users\/58"}],"replies":[{"embeddable":true,"href":"https:\/\/paris.pan.pl\/fr\/wp-json\/wp\/v2\/comments?post=11024"}],"version-history":[{"count":0,"href":"https:\/\/paris.pan.pl\/fr\/wp-json\/wp\/v2\/posts\/11024\/revisions"}],"wp:featuredmedia":[{"embeddable":true,"href":"https:\/\/paris.pan.pl\/fr\/wp-json\/wp\/v2\/media\/11010"}],"wp:attachment":[{"href":"https:\/\/paris.pan.pl\/fr\/wp-json\/wp\/v2\/media?parent=11024"}],"wp:term":[{"taxonomy":"category","embeddable":true,"href":"https:\/\/paris.pan.pl\/fr\/wp-json\/wp\/v2\/categories?post=11024"},{"taxonomy":"post_tag","embeddable":true,"href":"https:\/\/paris.pan.pl\/fr\/wp-json\/wp\/v2\/tags?post=11024"}],"curies":[{"name":"wp","href":"https:\/\/api.w.org\/{rel}","templated":true}]}}