{"id":11537,"date":"2022-08-25T08:56:44","date_gmt":"2022-08-25T08:56:44","guid":{"rendered":"https:\/\/paris.pan.pl\/?p=11537"},"modified":"2022-08-26T08:20:57","modified_gmt":"2022-08-26T08:20:57","slug":"hors-la-serotonine-litterature-europeenne-du-xxie-siecle-et-hormones-sociales","status":"publish","type":"post","link":"https:\/\/paris.pan.pl\/fr\/hors-la-serotonine-litterature-europeenne-du-xxie-siecle-et-hormones-sociales\/","title":{"rendered":"Hors la s\u00e9rotonine. Litt\u00e9rature europ\u00e9enne du XXIe si\u00e8cle et hormones sociales"},"content":{"rendered":"<p><strong>Przemys\u0142aw Czapli\u0144ski, Alicja Chwieduk : Peut-on m\u00e9langer l\u2019adr\u00e9naline et l\u2019ocytocine ? <\/strong><\/p>\n<p><strong>Compte rendu du colloque \u00ab Hors la s\u00e9rotonine. La litt\u00e9rature europ\u00e9enne du XXIe si\u00e8cle et les hormones sociales \u00bb.\u00a0<\/strong><\/p>\n<p>\u00c0 la fin des ann\u00e9es 1970, Jean Baudrillard a publi\u00e9 un livre dans lequel il proclame \u00ab la fin de la sph\u00e8re sociale \u00bb (<em>\u00c1 l\u2019ombre des majorit\u00e9s silencieuses ou la fin du social<\/em>, 1978). Le philosophe constate que dans les d\u00e9mocraties europ\u00e9ennes le \u00ab d\u00e9mos \u00bb, alors le \u00ab peuple \u00bb, c\u2019est-\u00e0-dire le sujet qui, en \u00e9luant les repr\u00e9sentants du pouvoir, doit d\u00e9cider de la forme de la politique, dispara\u00eet progressivement. \u00ab D\u00e9mos \u00bb dispara\u00eet parce qu\u2019il c\u00e8de la place aux \u00ab masses \u00bb \u2013 une collectivit\u00e9 inorganis\u00e9e et impr\u00e9visible. Les politiciens comptent avec elle et ne sollicitent son vote que jusqu\u2019\u00e0 ce qu\u2019elle reste la \u00ab majorit\u00e9 silencieuse \u00bb. En ce sens, le seul sujet qui influence la politique est un sujet semi-pr\u00e9sent, dissip\u00e9, qui se mat\u00e9rialise de mani\u00e8re impr\u00e9visible. Trois d\u00e9cennies plus tard, Alain Tourain, dans son livre <em>Apr\u00e8s la crise<\/em> (2010), puis dans son ouvrage <em>La fin des soci\u00e9t\u00e9s<\/em> (2013), avance que la \u00ab soci\u00e9t\u00e9 n\u2019existe pas \u00bb. Car la soci\u00e9t\u00e9 en tant qu\u2019unit\u00e9 relative n\u2019est plus form\u00e9e par les institutions d\u00e9velopp\u00e9es au XIXe si\u00e8cle et fonctionnant tout au long du XXe si\u00e8cle : l\u2019\u00e9ducation, la tradition culturelle commune, la r\u00e9publique imagin\u00e9e.<\/p>\n<p>Qu\u2019existe-t-il apr\u00e8s la fin de la \u00ab sph\u00e8re sociale \u00bb et la \u00ab fin de la soci\u00e9t\u00e9 \u00bb ? Comment fonctionne un collectif qui n\u2019est plus une soci\u00e9t\u00e9 ? Qu\u2019avons-nous en commun ? Reconnaissons-nous des valeurs communes malgr\u00e9 nos diff\u00e9rences ? Ou bien sommes-nous unis non par des convictions mais par des \u00e9motions \u2013 des sympathies partag\u00e9es, des objets d\u2019adoration, des sentiments de fiert\u00e9 ? Mais si nous sommes pass\u00e9s des d\u00e9mocraties politiques aux d\u00e9mocraties affectives, cela signifie que les \u00e9tats modernes doivent faire face \u00e0 des \u00e9motions n\u00e9gatives de plus en plus intenses \u2013 ressentiment, haine, d\u00e9go\u00fbt, col\u00e8re, rage. Ces questions \u00e9taient une source d\u2019inspiration pour le colloque \u00ab Hors la s\u00e9rotonine. La litt\u00e9rature europ\u00e9enne du XXIe si\u00e8cle et les hormones sociales \u00bb qui s\u2019est tenu les 5 et 6 mai 2022 \u00e0 l\u2019Acad\u00e9mie Polonaise des Sciences \u00e0 Paris. L\u2019\u00e9v\u00e8nement a \u00e9t\u00e9 organis\u00e9 par Alicja Chwieduk (Universit\u00e9 Adam Mickiewicz de Pozna\u0144) et le professeur Przemys\u0142aw Czapli\u0144ski repr\u00e9sentant Centrum Humanistyki Otwartej (Universit\u00e9 Adam Mickiewicz de Pozna\u0144). La conf\u00e9rence \u00e9tait co-organis\u00e9e par Szymon Trzybi\u0144ski, repr\u00e9sentant l\u2019Acad\u00e9mie Polonaise des Sciences \u00e0 Paris.<\/p>\n<p>La conf\u00e9rence \u2013 qui a \u00e9t\u00e9 inaugur\u00e9e par le recteur de l\u2019universit\u00e9 de Pozna\u0144, professeur Bogumi\u0142a Kaniewska \u2013 a r\u00e9uni des doctorants et des chercheurs de Pologne, d\u2019Allemagne, de France et de Belgique, repr\u00e9sentant principalement les sciences humaines \u2013 les sciences de la litt\u00e9rature et de la culture. Les intervenants ont abord\u00e9 les questions pos\u00e9es au d\u00e9part et pr\u00e9sent\u00e9 un certain nombre d\u2019hypoth\u00e8ses approfondies.<\/p>\n<p>Les communications ont \u00e9t\u00e9 rassembl\u00e9es en quatre sections :<\/p>\n<p style=\"text-align: center;\"><strong>I\u00e8re partie<\/strong>: Syst\u00e8me litt\u00e9raire et hormonal<br \/>\n<strong>II\u00e8me partie<\/strong>: Hormones et po\u00e9sie<br \/>\n<strong>III\u00e8me partie<\/strong>: Hormones et critique litt\u00e9raire<br \/>\n<strong>IV\u00e8me partie<\/strong>: Hormones et histoire<\/p>\n<p>Il faut pr\u00e9ciser qu\u2019au bout de la deuxi\u00e8me partie (le soir du 5 mai), les participants ont regard\u00e9 un enregistrement de la repr\u00e9sentation th\u00e9\u00e2trale intitul\u00e9 \u00ab Lagma \u00bb et ont discut\u00e9 en ligne avec les artistes apr\u00e8s la repr\u00e9sentation.La conf\u00e9rence a abouti aux conclusions tr\u00e8s int\u00e9ressantes. Tout d\u2019abord, elle a permis de r\u00e9fl\u00e9chir au r\u00f4le que jouent les hormones dans l\u2019existence de la \u00ab soci\u00e9t\u00e9 apr\u00e8s la fin de la soci\u00e9t\u00e9 \u00bb. Une analyse de la litt\u00e9rature indique que presque tous les \u00e9crivains \u00ab soudent \u00bb la soci\u00e9t\u00e9 et expliquent ses conflits en empruntant le langage de certaines hormones. Les intervenants v\u00e9rifiaient dans leurs recherches si la litt\u00e9rature europ\u00e9enne du XXIe si\u00e8cle pouvait \u00eatre lue d\u2019un point de vue hormonal et si la soci\u00e9t\u00e9 pouvait \u00eatre interpr\u00e9t\u00e9e de cette mani\u00e8re. Les hormones \u00e9taient trait\u00e9es comme une couche plus profonde que celle des \u00e9motions et donc de plus en plus convoit\u00e9e par les politiciens.<\/p>\n<p>L\u2019endocrinologie litt\u00e9raire \u2013 nouveau terrain m\u00e9thodologique et historique \u2013 propose donc l\u2019\u00e9tude des hormones en relation avec les d\u00e9couvertes des sciences exactes et, en m\u00eame temps, en relation avec la politique hormonale d\u2019\u00e9poques ou d\u2019\u00e9tats particuliers. Le colloque a fait valoir qu\u2019il est possible d\u2019analyser l\u2019impact politique sur le syst\u00e8me endocrinien collectif et de raconter l&rsquo;histoire de la soci\u00e9t\u00e9 moderne du point de vue des hormones. En m\u00eame temps, il semble tr\u00e8s important que les communications ont reconnu que l\u2019intervention croissante dans le syst\u00e8me endocrinien constitue une menace tant pour l\u2019individu que la soci\u00e9t\u00e9. Il est probablement symptomatique que les intervenants ont consid\u00e9r\u00e9 le syst\u00e8me immunitaire litt\u00e9raire et une opportunit\u00e9 potentielle d\u2019atteindre l\u2019hom\u00e9ostasie entre l\u2019hormone de combat et l\u2019hormone de coop\u00e9ration comme les deux moyens de la r\u00e9sistance possible \u00e0 la politique hormonale.<\/p>\n<p>Dans cette perspective on peut souhaiter \u00e0 nous tous une col\u00e8re collective comme l\u2019a fait St\u00e9phane Hessel dans son c\u00e9l\u00e8bre ouvrage <em>Indignez-vous !<\/em> (2010) :\u00ab Je vous souhaite \u00e0 tous, \u00e0 chacun d\u2019entre vous, d\u2019avoir votre motif d\u2019indignation. [\u2026] Quand quelque chose vous indigne, comme j\u2019ai \u00e9t\u00e9 indign\u00e9 par le nazisme, alors on devient militant, fort et engag\u00e9. On rejoint le courant de l\u2019histoire et le grand courant de l\u2019histoire doit se poursuivre gr\u00e2ce \u00e0 chacun. Et ce courant va vers plus de justice \u00bb.<\/p>\n<p>&nbsp;<\/p>\n<h6>Comit\u00e9 d&rsquo;organisation<\/h6>\n<ul>\n<li>Prof. Przemys\u0142aw Czapli\u0144ski (Centre des Humanit\u00e9s Ouvertes de l&rsquo;Universit\u00e9 Adam Mickiewicz de Pozna\u0144)<br \/>\nAlicja Chwieduk (Facult\u00e9 de Philologie Polonaise et Classique de l&rsquo;Universit\u00e9 Adam Mickiewicz de Pozna\u0144)<br \/>\nSzymon Trzybi\u0144ski (Acad\u00e9mie Polonaise des Science &#8211; Centre Scientifique \u00e0 Paris)<\/li>\n<li>Date du colloque: 5-6 mai 2022<br \/>\nLieu du colloque: Acad\u00e9mie Polonaise des Science &#8211; Centre Scientifique \u00e0 Paris<br \/>\nLangues du colloque: fran\u00e7ais, anglais, polonais<\/li>\n<\/ul>\n<p>&nbsp;<\/p>\n\n\t\t<style type=\"text\/css\">\n\t\t\t#gallery-1 {\n\t\t\t\tmargin: auto;\n\t\t\t}\n\t\t\t#gallery-1 .gallery-item {\n\t\t\t\tfloat: left;\n\t\t\t\tmargin-top: 10px;\n\t\t\t\ttext-align: center;\n\t\t\t\twidth: 50%;\n\t\t\t}\n\t\t\t#gallery-1 img {\n\t\t\t\tborder: 2px solid #cfcfcf;\n\t\t\t}\n\t\t\t#gallery-1 .gallery-caption {\n\t\t\t\tmargin-left: 0;\n\t\t\t}\n\t\t\t\/* see gallery_shortcode() in wp-includes\/media.php *\/\n\t\t<\/style>\n\t\t<div id='gallery-1' class='gallery galleryid-11537 gallery-columns-2 gallery-size-thumbnail'><dl class='gallery-item'>\n\t\t\t<dt class='gallery-icon portrait'>\n\t\t\t\t<a href='https:\/\/paris.pan.pl\/wp-content\/uploads\/2022\/08\/IMG_7095-scaled.jpg'><img loading=\"lazy\" decoding=\"async\" width=\"150\" height=\"150\" src=\"https:\/\/paris.pan.pl\/wp-content\/uploads\/2022\/08\/IMG_7095-150x150.jpg\" class=\"attachment-thumbnail size-thumbnail\" alt=\"\" srcset=\"https:\/\/paris.pan.pl\/wp-content\/uploads\/2022\/08\/IMG_7095-150x150.jpg 150w, https:\/\/paris.pan.pl\/wp-content\/uploads\/2022\/08\/IMG_7095-300x300.jpg 300w, https:\/\/paris.pan.pl\/wp-content\/uploads\/2022\/08\/IMG_7095-440x440.jpg 440w\" sizes=\"auto, (max-width: 150px) 100vw, 150px\" \/><\/a>\n\t\t\t<\/dt><\/dl><dl class='gallery-item'>\n\t\t\t<dt class='gallery-icon landscape'>\n\t\t\t\t<a href='https:\/\/paris.pan.pl\/wp-content\/uploads\/2022\/08\/IMG_7100-scaled.jpg'><img loading=\"lazy\" decoding=\"async\" width=\"150\" height=\"150\" src=\"https:\/\/paris.pan.pl\/wp-content\/uploads\/2022\/08\/IMG_7100-150x150.jpg\" class=\"attachment-thumbnail size-thumbnail\" alt=\"\" srcset=\"https:\/\/paris.pan.pl\/wp-content\/uploads\/2022\/08\/IMG_7100-150x150.jpg 150w, https:\/\/paris.pan.pl\/wp-content\/uploads\/2022\/08\/IMG_7100-300x300.jpg 300w, https:\/\/paris.pan.pl\/wp-content\/uploads\/2022\/08\/IMG_7100-440x440.jpg 440w\" sizes=\"auto, (max-width: 150px) 100vw, 150px\" \/><\/a>\n\t\t\t<\/dt><\/dl><br style=\"clear: both\" \/><dl class='gallery-item'>\n\t\t\t<dt class='gallery-icon landscape'>\n\t\t\t\t<a href='https:\/\/paris.pan.pl\/wp-content\/uploads\/2022\/08\/IMG_71751-scaled.jpg'><img loading=\"lazy\" decoding=\"async\" width=\"150\" height=\"150\" src=\"https:\/\/paris.pan.pl\/wp-content\/uploads\/2022\/08\/IMG_71751-150x150.jpg\" class=\"attachment-thumbnail size-thumbnail\" alt=\"\" srcset=\"https:\/\/paris.pan.pl\/wp-content\/uploads\/2022\/08\/IMG_71751-150x150.jpg 150w, https:\/\/paris.pan.pl\/wp-content\/uploads\/2022\/08\/IMG_71751-300x300.jpg 300w, https:\/\/paris.pan.pl\/wp-content\/uploads\/2022\/08\/IMG_71751-440x440.jpg 440w\" sizes=\"auto, (max-width: 150px) 100vw, 150px\" \/><\/a>\n\t\t\t<\/dt><\/dl><dl class='gallery-item'>\n\t\t\t<dt class='gallery-icon landscape'>\n\t\t\t\t<a href='https:\/\/paris.pan.pl\/wp-content\/uploads\/2022\/08\/IMG_716211-scaled.jpg'><img loading=\"lazy\" decoding=\"async\" width=\"150\" height=\"150\" src=\"https:\/\/paris.pan.pl\/wp-content\/uploads\/2022\/08\/IMG_716211-150x150.jpg\" class=\"attachment-thumbnail size-thumbnail\" alt=\"\" srcset=\"https:\/\/paris.pan.pl\/wp-content\/uploads\/2022\/08\/IMG_716211-150x150.jpg 150w, https:\/\/paris.pan.pl\/wp-content\/uploads\/2022\/08\/IMG_716211-300x300.jpg 300w, https:\/\/paris.pan.pl\/wp-content\/uploads\/2022\/08\/IMG_716211-440x440.jpg 440w\" sizes=\"auto, (max-width: 150px) 100vw, 150px\" \/><\/a>\n\t\t\t<\/dt><\/dl><br style=\"clear: both\" \/><dl class='gallery-item'>\n\t\t\t<dt class='gallery-icon landscape'>\n\t\t\t\t<a href='https:\/\/paris.pan.pl\/wp-content\/uploads\/2022\/08\/IMG_7103-scaled.jpg'><img loading=\"lazy\" decoding=\"async\" width=\"150\" height=\"150\" src=\"https:\/\/paris.pan.pl\/wp-content\/uploads\/2022\/08\/IMG_7103-150x150.jpg\" class=\"attachment-thumbnail size-thumbnail\" alt=\"\" srcset=\"https:\/\/paris.pan.pl\/wp-content\/uploads\/2022\/08\/IMG_7103-150x150.jpg 150w, https:\/\/paris.pan.pl\/wp-content\/uploads\/2022\/08\/IMG_7103-300x300.jpg 300w, https:\/\/paris.pan.pl\/wp-content\/uploads\/2022\/08\/IMG_7103-440x440.jpg 440w\" sizes=\"auto, (max-width: 150px) 100vw, 150px\" \/><\/a>\n\t\t\t<\/dt><\/dl><dl class='gallery-item'>\n\t\t\t<dt class='gallery-icon portrait'>\n\t\t\t\t<a href='https:\/\/paris.pan.pl\/wp-content\/uploads\/2022\/08\/IMG_7109-scaled.jpg'><img loading=\"lazy\" decoding=\"async\" width=\"150\" height=\"150\" src=\"https:\/\/paris.pan.pl\/wp-content\/uploads\/2022\/08\/IMG_7109-150x150.jpg\" class=\"attachment-thumbnail size-thumbnail\" alt=\"\" srcset=\"https:\/\/paris.pan.pl\/wp-content\/uploads\/2022\/08\/IMG_7109-150x150.jpg 150w, https:\/\/paris.pan.pl\/wp-content\/uploads\/2022\/08\/IMG_7109-300x300.jpg 300w, https:\/\/paris.pan.pl\/wp-content\/uploads\/2022\/08\/IMG_7109-440x440.jpg 440w\" sizes=\"auto, (max-width: 150px) 100vw, 150px\" \/><\/a>\n\t\t\t<\/dt><\/dl><br style=\"clear: both\" \/><dl class='gallery-item'>\n\t\t\t<dt class='gallery-icon portrait'>\n\t\t\t\t<a href='https:\/\/paris.pan.pl\/wp-content\/uploads\/2022\/08\/IMG_7102-scaled.jpg'><img loading=\"lazy\" decoding=\"async\" width=\"150\" height=\"150\" src=\"https:\/\/paris.pan.pl\/wp-content\/uploads\/2022\/08\/IMG_7102-150x150.jpg\" class=\"attachment-thumbnail size-thumbnail\" alt=\"\" srcset=\"https:\/\/paris.pan.pl\/wp-content\/uploads\/2022\/08\/IMG_7102-150x150.jpg 150w, https:\/\/paris.pan.pl\/wp-content\/uploads\/2022\/08\/IMG_7102-300x300.jpg 300w, https:\/\/paris.pan.pl\/wp-content\/uploads\/2022\/08\/IMG_7102-440x440.jpg 440w\" sizes=\"auto, (max-width: 150px) 100vw, 150px\" \/><\/a>\n\t\t\t<\/dt><\/dl><dl class='gallery-item'>\n\t\t\t<dt class='gallery-icon landscape'>\n\t\t\t\t<a href='https:\/\/paris.pan.pl\/wp-content\/uploads\/2022\/08\/IMG_7139-scaled.jpg'><img loading=\"lazy\" decoding=\"async\" width=\"150\" height=\"150\" src=\"https:\/\/paris.pan.pl\/wp-content\/uploads\/2022\/08\/IMG_7139-150x150.jpg\" class=\"attachment-thumbnail size-thumbnail\" alt=\"\" srcset=\"https:\/\/paris.pan.pl\/wp-content\/uploads\/2022\/08\/IMG_7139-150x150.jpg 150w, https:\/\/paris.pan.pl\/wp-content\/uploads\/2022\/08\/IMG_7139-300x300.jpg 300w, https:\/\/paris.pan.pl\/wp-content\/uploads\/2022\/08\/IMG_7139-440x440.jpg 440w\" sizes=\"auto, (max-width: 150px) 100vw, 150px\" \/><\/a>\n\t\t\t<\/dt><\/dl><br style=\"clear: both\" \/>\n\t\t<\/div>\n\n","protected":false},"excerpt":{"rendered":"<p>Przemys\u0142aw Czapli\u0144ski, Alicja Chwieduk : Peut-on m\u00e9langer l\u2019adr\u00e9naline et l\u2019ocytocine ? Compte rendu du colloque \u00ab Hors la s\u00e9rotonine. La litt\u00e9rature europ\u00e9enne du XXIe si\u00e8cle et les hormones sociales \u00bb.\u00a0 \u00c0 la fin des ann\u00e9es 1970, Jean Baudrillard a publi\u00e9 un livre dans lequel il proclame \u00ab la fin de la sph\u00e8re sociale \u00bb (\u00c1 [&hellip;]<\/p>\n","protected":false},"author":58,"featured_media":10349,"comment_status":"closed","ping_status":"closed","sticky":false,"template":"","format":"standard","meta":{"_acf_changed":false,"_et_pb_use_builder":"","_et_pb_old_content":"","_et_gb_content_width":"","footnotes":""},"categories":[19],"tags":[],"class_list":["post-11537","post","type-post","status-publish","format-standard","has-post-thumbnail","hentry","category-temoignages","et-has-post-format-content","et_post_format-et-post-format-standard"],"acf":[],"_links":{"self":[{"href":"https:\/\/paris.pan.pl\/fr\/wp-json\/wp\/v2\/posts\/11537","targetHints":{"allow":["GET"]}}],"collection":[{"href":"https:\/\/paris.pan.pl\/fr\/wp-json\/wp\/v2\/posts"}],"about":[{"href":"https:\/\/paris.pan.pl\/fr\/wp-json\/wp\/v2\/types\/post"}],"author":[{"embeddable":true,"href":"https:\/\/paris.pan.pl\/fr\/wp-json\/wp\/v2\/users\/58"}],"replies":[{"embeddable":true,"href":"https:\/\/paris.pan.pl\/fr\/wp-json\/wp\/v2\/comments?post=11537"}],"version-history":[{"count":0,"href":"https:\/\/paris.pan.pl\/fr\/wp-json\/wp\/v2\/posts\/11537\/revisions"}],"wp:featuredmedia":[{"embeddable":true,"href":"https:\/\/paris.pan.pl\/fr\/wp-json\/wp\/v2\/media\/10349"}],"wp:attachment":[{"href":"https:\/\/paris.pan.pl\/fr\/wp-json\/wp\/v2\/media?parent=11537"}],"wp:term":[{"taxonomy":"category","embeddable":true,"href":"https:\/\/paris.pan.pl\/fr\/wp-json\/wp\/v2\/categories?post=11537"},{"taxonomy":"post_tag","embeddable":true,"href":"https:\/\/paris.pan.pl\/fr\/wp-json\/wp\/v2\/tags?post=11537"}],"curies":[{"name":"wp","href":"https:\/\/api.w.org\/{rel}","templated":true}]}}