{"id":12772,"date":"2022-08-30T13:32:26","date_gmt":"2022-08-30T13:32:26","guid":{"rendered":"https:\/\/paris.pan.pl\/?p=12772"},"modified":"2023-01-04T09:34:16","modified_gmt":"2023-01-04T09:34:16","slug":"le-desir-de-limmediatete-et-la-crise-des-formes-de-mediation-dans-la-culture-contemporaine","status":"publish","type":"post","link":"https:\/\/paris.pan.pl\/fr\/le-desir-de-limmediatete-et-la-crise-des-formes-de-mediation-dans-la-culture-contemporaine\/","title":{"rendered":"Le d\u00e9sir de l\u2019imm\u00e9diatet\u00e9 et la crise des formes de m\u00e9diation dans la culture contemporaine"},"content":{"rendered":"<p style=\"text-align: center;\"><strong>L\u2019homme riv\u00e9 dans un environnement n\u00e9buleux<\/strong><\/p>\n<p><em>La civilisation dans laquelle nous sommes immerg\u00e9s trouve sa respiration dans un ensemble de syst\u00e8mes de m\u00e9diations (G.W.F Hegel, La philosophie de l\u2019histoire). Celles-ci se d\u00e9ploient sur plusieurs niveaux, depuis par exemple les formes de politesse et de civilit\u00e9, jusqu\u2019aux pratiques de pacification et de r\u00e9solution des conflits, en passant par les formes de la loi ainsi que les dispositifs d\u00e9mocratiques, tels par exemple l\u2019id\u00e9e de repr\u00e9sentation.<\/em><\/p>\n<p>La derni\u00e8re rencontre de chercheurs fran\u00e7ais et polonais avait pour une part explor\u00e9 la d\u00e9stabilisation du rapport au r\u00e9el dont la notion de \u00ab post v\u00e9rit\u00e9 \u00bb constituait l\u2019un des sympt\u00f4mes. En poursuivant cette r\u00e9flexion, nous avons repris la question initiale de \u00ab l\u2019homme riv\u00e9 \u00bb pour cette fois nous attacher au trouble dans l\u2019intersubjectivit\u00e9, sur ses deux faces que sont le rapport \u00e0 soi et le rapport aux autres.<\/p>\n<p>L\u2019histoire de la modernit\u00e9 s\u2019est accompagn\u00e9e du d\u00e9veloppement de la civilit\u00e9 et des droits offrant aux individus contemporains des protections \u2013 juridiques, morales, symboliques \u2013 contre les violences physiques et les dominations, que celles-ci soient ouvertement brutales ou insidieuses et cach\u00e9es. Mais, de mani\u00e8re paradoxale, de l\u2019int\u00e9rieur m\u00eame de l\u2019individualisme d\u00e9mocratique surgissent \u00e9galement des dynamiques qui sapent les conditions de possibilit\u00e9s du sujet moderne. Citons en vrac: l&rsquo;insistance des identitarismes \u00e9rode la distance de soi \u00e0 soi des identit\u00e9s modernes\u202f; le souci d&rsquo;authenticit\u00e9 conduit parfois au d\u00e9clin des formes qui menace les digues protectrices des individus\u202f; les logiques d\u2019adh\u00e9rence \u00e0 soi et d&rsquo;ethnocentrisme du pr\u00e9sent semblent fragiliser l\u2019individu en le rivant \u00e0 lui-m\u00eame ou en suscitant chez lui un d\u00e9sir d\u2019\u00e9chapper \u00e0 soi ou \u00e0 sa solitude conduisant parfois au recours \u00e0 la pens\u00e9e mythique. A partir de l\u00e0, l\u2019analyse de la crise des m\u00e9diation n\u2019invite-t-elle pas, par exemple dans le sillage de Norbert Elias, \u00e0 r\u00e9examiner la notion de \u00ab d\u00e9civilisation \u00bb ?<\/p>\n<p>\u00c0 c\u00f4t\u00e9 des conflits plus classiques centr\u00e9s sur le profit ou la s\u00e9curit\u00e9, de nouvelles formes de conflictualit\u00e9s paraissent s&rsquo;exacerber, d&rsquo;autant plus inexpiables qu&rsquo;elles portent sur l\u2019identit\u00e9, l\u2019individualit\u00e9 ou l\u2019int\u00e9grit\u00e9 des personnes. Ce sont ces nouvelles formes paradoxales de d\u00e9possession ou de fuite de soi que l\u2019on aimerait explorer. Les chercheurs ont aussi test\u00e9 l&rsquo;hypoth\u00e8se, selon laquelle le caract\u00e8re tout \u00e0 la fois oppressant et n\u00e9buleux du rapport aux autres amplifie la tendance \u00e0 chercher appui dans la r\u00e9f\u00e9rence \u00e0 soi-m\u00eame et donc dans une qu\u00eate identitaire auto r\u00e9f\u00e9renc\u00e9e.<\/p>\n<p><strong>Organisateurs :<\/strong><br \/>\nCentre Scientifique de l\u2019Acad\u00e9mie Polonaise des Sciences \u00e0 Paris<br \/>\nInstitut de philosophie et de sociologie de l&rsquo;Acad\u00e9mie Polonaise des Sciences<\/p>\n<p><strong>Date du symposium<\/strong>\u00a0: 20-21 septembre 2022<br \/>\n<strong>Lieu du symposium<\/strong>\u00a0: Acad\u00e9mie Polonaise des Sciences \u2013 Centre Scientifique \u00e0 Paris<br \/>\n<strong>Langues du symposium<\/strong>\u00a0: fran\u00e7ais, anglais<\/p>\n<p>&nbsp;<\/p>\n\n\t\t<style type=\"text\/css\">\n\t\t\t#gallery-1 {\n\t\t\t\tmargin: auto;\n\t\t\t}\n\t\t\t#gallery-1 .gallery-item {\n\t\t\t\tfloat: left;\n\t\t\t\tmargin-top: 10px;\n\t\t\t\ttext-align: center;\n\t\t\t\twidth: 33%;\n\t\t\t}\n\t\t\t#gallery-1 img {\n\t\t\t\tborder: 2px solid #cfcfcf;\n\t\t\t}\n\t\t\t#gallery-1 .gallery-caption {\n\t\t\t\tmargin-left: 0;\n\t\t\t}\n\t\t\t\/* see gallery_shortcode() in wp-includes\/media.php *\/\n\t\t<\/style>\n\t\t<div id='gallery-1' class='gallery galleryid-12772 gallery-columns-3 gallery-size-thumbnail'><dl class='gallery-item'>\n\t\t\t<dt class='gallery-icon portrait'>\n\t\t\t\t<a href='https:\/\/paris.pan.pl\/wp-content\/uploads\/2022\/11\/IMG_8760-1-scaled.jpg'><img loading=\"lazy\" decoding=\"async\" width=\"150\" height=\"150\" src=\"https:\/\/paris.pan.pl\/wp-content\/uploads\/2022\/11\/IMG_8760-1-150x150.jpg\" class=\"attachment-thumbnail size-thumbnail\" alt=\"\" srcset=\"https:\/\/paris.pan.pl\/wp-content\/uploads\/2022\/11\/IMG_8760-1-150x150.jpg 150w, https:\/\/paris.pan.pl\/wp-content\/uploads\/2022\/11\/IMG_8760-1-300x300.jpg 300w, https:\/\/paris.pan.pl\/wp-content\/uploads\/2022\/11\/IMG_8760-1-440x440.jpg 440w\" sizes=\"auto, (max-width: 150px) 100vw, 150px\" \/><\/a>\n\t\t\t<\/dt><\/dl><dl class='gallery-item'>\n\t\t\t<dt class='gallery-icon portrait'>\n\t\t\t\t<a href='https:\/\/paris.pan.pl\/wp-content\/uploads\/2022\/11\/IMG_8768-1-scaled.jpg'><img loading=\"lazy\" decoding=\"async\" width=\"150\" height=\"150\" src=\"https:\/\/paris.pan.pl\/wp-content\/uploads\/2022\/11\/IMG_8768-1-150x150.jpg\" class=\"attachment-thumbnail size-thumbnail\" alt=\"\" srcset=\"https:\/\/paris.pan.pl\/wp-content\/uploads\/2022\/11\/IMG_8768-1-150x150.jpg 150w, https:\/\/paris.pan.pl\/wp-content\/uploads\/2022\/11\/IMG_8768-1-300x300.jpg 300w, https:\/\/paris.pan.pl\/wp-content\/uploads\/2022\/11\/IMG_8768-1-440x440.jpg 440w\" sizes=\"auto, (max-width: 150px) 100vw, 150px\" \/><\/a>\n\t\t\t<\/dt><\/dl><dl class='gallery-item'>\n\t\t\t<dt class='gallery-icon landscape'>\n\t\t\t\t<a href='https:\/\/paris.pan.pl\/wp-content\/uploads\/2022\/11\/IMG_8775-scaled.jpg'><img loading=\"lazy\" decoding=\"async\" width=\"150\" height=\"150\" src=\"https:\/\/paris.pan.pl\/wp-content\/uploads\/2022\/11\/IMG_8775-150x150.jpg\" class=\"attachment-thumbnail size-thumbnail\" alt=\"\" srcset=\"https:\/\/paris.pan.pl\/wp-content\/uploads\/2022\/11\/IMG_8775-150x150.jpg 150w, https:\/\/paris.pan.pl\/wp-content\/uploads\/2022\/11\/IMG_8775-300x300.jpg 300w, https:\/\/paris.pan.pl\/wp-content\/uploads\/2022\/11\/IMG_8775-440x440.jpg 440w\" sizes=\"auto, (max-width: 150px) 100vw, 150px\" \/><\/a>\n\t\t\t<\/dt><\/dl><br style=\"clear: both\" \/><dl class='gallery-item'>\n\t\t\t<dt class='gallery-icon landscape'>\n\t\t\t\t<a href='https:\/\/paris.pan.pl\/wp-content\/uploads\/2022\/11\/IMG_8808-scaled.jpg'><img loading=\"lazy\" decoding=\"async\" width=\"150\" height=\"150\" src=\"https:\/\/paris.pan.pl\/wp-content\/uploads\/2022\/11\/IMG_8808-150x150.jpg\" class=\"attachment-thumbnail size-thumbnail\" alt=\"\" srcset=\"https:\/\/paris.pan.pl\/wp-content\/uploads\/2022\/11\/IMG_8808-150x150.jpg 150w, https:\/\/paris.pan.pl\/wp-content\/uploads\/2022\/11\/IMG_8808-300x300.jpg 300w, https:\/\/paris.pan.pl\/wp-content\/uploads\/2022\/11\/IMG_8808-440x440.jpg 440w\" sizes=\"auto, (max-width: 150px) 100vw, 150px\" \/><\/a>\n\t\t\t<\/dt><\/dl><dl class='gallery-item'>\n\t\t\t<dt class='gallery-icon portrait'>\n\t\t\t\t<a href='https:\/\/paris.pan.pl\/wp-content\/uploads\/2022\/11\/IMG_8790-scaled.jpg'><img loading=\"lazy\" decoding=\"async\" width=\"150\" height=\"150\" src=\"https:\/\/paris.pan.pl\/wp-content\/uploads\/2022\/11\/IMG_8790-150x150.jpg\" class=\"attachment-thumbnail size-thumbnail\" alt=\"\" srcset=\"https:\/\/paris.pan.pl\/wp-content\/uploads\/2022\/11\/IMG_8790-150x150.jpg 150w, https:\/\/paris.pan.pl\/wp-content\/uploads\/2022\/11\/IMG_8790-300x300.jpg 300w, https:\/\/paris.pan.pl\/wp-content\/uploads\/2022\/11\/IMG_8790-440x440.jpg 440w\" sizes=\"auto, (max-width: 150px) 100vw, 150px\" \/><\/a>\n\t\t\t<\/dt><\/dl><dl class='gallery-item'>\n\t\t\t<dt class='gallery-icon landscape'>\n\t\t\t\t<a href='https:\/\/paris.pan.pl\/wp-content\/uploads\/2022\/11\/IMG_8818-scaled.jpg'><img loading=\"lazy\" decoding=\"async\" width=\"150\" height=\"150\" src=\"https:\/\/paris.pan.pl\/wp-content\/uploads\/2022\/11\/IMG_8818-150x150.jpg\" class=\"attachment-thumbnail size-thumbnail\" alt=\"\" srcset=\"https:\/\/paris.pan.pl\/wp-content\/uploads\/2022\/11\/IMG_8818-150x150.jpg 150w, https:\/\/paris.pan.pl\/wp-content\/uploads\/2022\/11\/IMG_8818-300x300.jpg 300w, https:\/\/paris.pan.pl\/wp-content\/uploads\/2022\/11\/IMG_8818-440x440.jpg 440w\" sizes=\"auto, (max-width: 150px) 100vw, 150px\" \/><\/a>\n\t\t\t<\/dt><\/dl><br style=\"clear: both\" \/>\n\t\t<\/div>\n\n","protected":false},"excerpt":{"rendered":"<p>L\u2019homme riv\u00e9 dans un environnement n\u00e9buleux La civilisation dans laquelle nous sommes immerg\u00e9s trouve sa respiration dans un ensemble de syst\u00e8mes de m\u00e9diations (G.W.F Hegel, La philosophie de l\u2019histoire). Celles-ci se d\u00e9ploient sur plusieurs niveaux, depuis par exemple les formes de politesse et de civilit\u00e9, jusqu\u2019aux pratiques de pacification et de r\u00e9solution des conflits, en [&hellip;]<\/p>\n","protected":false},"author":58,"featured_media":11662,"comment_status":"closed","ping_status":"closed","sticky":false,"template":"","format":"standard","meta":{"_acf_changed":false,"_et_pb_use_builder":"","_et_pb_old_content":"","_et_gb_content_width":"","footnotes":""},"categories":[17,19],"tags":[],"class_list":["post-12772","post","type-post","status-publish","format-standard","has-post-thumbnail","hentry","category-actualites","category-temoignages","et-has-post-format-content","et_post_format-et-post-format-standard"],"acf":[],"_links":{"self":[{"href":"https:\/\/paris.pan.pl\/fr\/wp-json\/wp\/v2\/posts\/12772","targetHints":{"allow":["GET"]}}],"collection":[{"href":"https:\/\/paris.pan.pl\/fr\/wp-json\/wp\/v2\/posts"}],"about":[{"href":"https:\/\/paris.pan.pl\/fr\/wp-json\/wp\/v2\/types\/post"}],"author":[{"embeddable":true,"href":"https:\/\/paris.pan.pl\/fr\/wp-json\/wp\/v2\/users\/58"}],"replies":[{"embeddable":true,"href":"https:\/\/paris.pan.pl\/fr\/wp-json\/wp\/v2\/comments?post=12772"}],"version-history":[{"count":0,"href":"https:\/\/paris.pan.pl\/fr\/wp-json\/wp\/v2\/posts\/12772\/revisions"}],"wp:featuredmedia":[{"embeddable":true,"href":"https:\/\/paris.pan.pl\/fr\/wp-json\/wp\/v2\/media\/11662"}],"wp:attachment":[{"href":"https:\/\/paris.pan.pl\/fr\/wp-json\/wp\/v2\/media?parent=12772"}],"wp:term":[{"taxonomy":"category","embeddable":true,"href":"https:\/\/paris.pan.pl\/fr\/wp-json\/wp\/v2\/categories?post=12772"},{"taxonomy":"post_tag","embeddable":true,"href":"https:\/\/paris.pan.pl\/fr\/wp-json\/wp\/v2\/tags?post=12772"}],"curies":[{"name":"wp","href":"https:\/\/api.w.org\/{rel}","templated":true}]}}