{"id":13370,"date":"2023-03-22T15:06:16","date_gmt":"2023-03-22T15:06:16","guid":{"rendered":"https:\/\/paris.pan.pl\/?p=13370"},"modified":"2023-03-22T15:06:16","modified_gmt":"2023-03-22T15:06:16","slug":"la-prestation-de-service-de-communication-telephonique-fixe-et-mobile-ainsi-que-de-service-de-maintenance-des-appareils-telephoniques-de-lacademie-polonaise-des-sciences-centre-scientifique-a","status":"publish","type":"post","link":"https:\/\/paris.pan.pl\/fr\/la-prestation-de-service-de-communication-telephonique-fixe-et-mobile-ainsi-que-de-service-de-maintenance-des-appareils-telephoniques-de-lacademie-polonaise-des-sciences-centre-scientifique-a\/","title":{"rendered":"La prestation de service de communication t\u00e9l\u00e9phonique fixe et mobile ainsi que de service de maintenance des appareils t\u00e9l\u00e9phoniques de l\u2019Acad\u00e9mie Polonaise des Sciences Centre Scientifique \u00e0 Paris"},"content":{"rendered":"<p><strong><a href=\"https:\/\/paris.pan.pl\/wp-content\/uploads\/2023\/03\/20230322_Avis-de-marche.docx\" target=\"_blank\" rel=\"noopener\">Avis de march\u00e9<\/a><\/strong><\/p>\n<p><strong><a href=\"https:\/\/paris.pan.pl\/wp-content\/uploads\/2023\/03\/20230322_Piece-jointe-n\u00b0-1-a-lAvis-de-marche.docx\" target=\"_blank\" rel=\"noopener\">Pi\u00e8ce jointe n\u00b0 1 \u00e0 l&rsquo;Avis de march\u00e9<\/a><\/strong><\/p>\n<p><strong><a href=\"https:\/\/paris.pan.pl\/wp-content\/uploads\/2023\/03\/20230322_Piece-jointe-n\u00b0-2-a-lAvis-de-marche.docx\" target=\"_blank\" rel=\"noopener\">Pi\u00e8ce jointe n\u00b0 2 \u00e0 l&rsquo;Avis de march\u00e9<\/a><\/strong><\/p>\n","protected":false},"excerpt":{"rendered":"<p>Avis de march\u00e9 Pi\u00e8ce jointe n\u00b0 1 \u00e0 l&rsquo;Avis de march\u00e9 Pi\u00e8ce jointe n\u00b0 2 \u00e0 l&rsquo;Avis de march\u00e9<\/p>\n","protected":false},"author":57,"featured_media":0,"comment_status":"closed","ping_status":"closed","sticky":false,"template":"","format":"standard","meta":{"_acf_changed":false,"_et_pb_use_builder":"","_et_pb_old_content":"","_et_gb_content_width":"","footnotes":""},"categories":[17,118],"tags":[],"class_list":["post-13370","post","type-post","status-publish","format-standard","hentry","category-actualites","category-annonces","et-doesnt-have-format-content","et_post_format-et-post-format-standard"],"acf":[],"_links":{"self":[{"href":"https:\/\/paris.pan.pl\/fr\/wp-json\/wp\/v2\/posts\/13370","targetHints":{"allow":["GET"]}}],"collection":[{"href":"https:\/\/paris.pan.pl\/fr\/wp-json\/wp\/v2\/posts"}],"about":[{"href":"https:\/\/paris.pan.pl\/fr\/wp-json\/wp\/v2\/types\/post"}],"author":[{"embeddable":true,"href":"https:\/\/paris.pan.pl\/fr\/wp-json\/wp\/v2\/users\/57"}],"replies":[{"embeddable":true,"href":"https:\/\/paris.pan.pl\/fr\/wp-json\/wp\/v2\/comments?post=13370"}],"version-history":[{"count":0,"href":"https:\/\/paris.pan.pl\/fr\/wp-json\/wp\/v2\/posts\/13370\/revisions"}],"wp:attachment":[{"href":"https:\/\/paris.pan.pl\/fr\/wp-json\/wp\/v2\/media?parent=13370"}],"wp:term":[{"taxonomy":"category","embeddable":true,"href":"https:\/\/paris.pan.pl\/fr\/wp-json\/wp\/v2\/categories?post=13370"},{"taxonomy":"post_tag","embeddable":true,"href":"https:\/\/paris.pan.pl\/fr\/wp-json\/wp\/v2\/tags?post=13370"}],"curies":[{"name":"wp","href":"https:\/\/api.w.org\/{rel}","templated":true}]}}