{"id":13716,"date":"2023-06-27T08:42:04","date_gmt":"2023-06-27T08:42:04","guid":{"rendered":"https:\/\/paris.pan.pl\/dokad-zmierza-swiat\/"},"modified":"2023-06-29T08:15:30","modified_gmt":"2023-06-29T08:15:30","slug":"dokad-zmierza-swiat","status":"publish","type":"post","link":"https:\/\/paris.pan.pl\/fr\/dokad-zmierza-swiat\/","title":{"rendered":"O\u00f9 va le monde ?"},"content":{"rendered":"<p style=\"text-align: justify;\">Le 22 mai 2023, une conf\u00e9rence intitul\u00e9e \u00abO\u00f9 va le monde ?\u00bb s&rsquo;est tenue \u00e0 l&rsquo;Acad\u00e9mie Polonaise des Sciences Centre Scientifique \u00e0 Paris, coorganis\u00e9e avec l&rsquo;Institut d&rsquo;oc\u00e9anologie PAN et en coop\u00e9ration avec plusieurs institutions internationales telles que l&rsquo;UNESCO, l&rsquo;European Marine Board Communication Panel, l&rsquo;Aquarium de Gdynia, Nausicaa, Sopot Science Association, Today We Have, et avec le soutien des projets MARBEFES et Blue Mission Banos. La conf\u00e9rence avait le statut d&rsquo;\u00e9v\u00e9nement parall\u00e8le officiel des Journ\u00e9es europ\u00e9ennes de la mer 2023.<\/p>\n<p style=\"text-align: justify;\">Les questions relatives \u00e0 la durabilit\u00e9 des oc\u00e9ans figurent dans 38 % du contenu des objectifs de d\u00e9veloppement durable des Nations Unies et dans les cinq missions Horizon Europe de l&rsquo;UE. Plus de 3 milliards de personnes d\u00e9pendent de diverses mani\u00e8res des oc\u00e9ans pour leur subsistance, qui sont consid\u00e9r\u00e9s comme des sources de nourriture, d&#8217;emploi et de soins de sant\u00e9. La population humaine augmente et de plus en plus de personnes s&rsquo;installent dans les zones c\u00f4ti\u00e8res, ce qui entra\u00eene une plus grande utilisation des oc\u00e9ans : plus de ruissellement agricole, plus de tourisme, de transport et de production d&rsquo;\u00e9nergie. Compte tenu des effets du changement climatique, les populations c\u00f4ti\u00e8res de plus en plus nombreuses doivent mettre en \u0153uvre des mesures d&rsquo;adaptation et d&rsquo;att\u00e9nuation dans leur vie quotidienne et professionnelle.<\/p>\n<p style=\"text-align: justify;\">Au cours de la conf\u00e9rence, dans le cadre de deux sessions pl\u00e9ni\u00e8res et de deux tables rondes, des participants venus de Pologne, de France et d&rsquo;autres pays europ\u00e9ens ont abord\u00e9 les questions susmentionn\u00e9es sous diff\u00e9rents angles. L&rsquo;un des temps forts de l&rsquo;\u00e9v\u00e9nement a \u00e9t\u00e9 le discours de Mariusz Lewicki, d\u00e9l\u00e9gu\u00e9 permanent de la R\u00e9publique de Pologne aupr\u00e8s de l&rsquo;UNESCO.<\/p>\n<p style=\"text-align: justify;\">\u00c0 l&rsquo;issue des discussions, cinq recommandations destin\u00e9es aux institutions de recherche et aux d\u00e9cideurs afin d&rsquo;am\u00e9liorer la qualit\u00e9 et l&rsquo;efficacit\u00e9 de la communication dans le cadre de la D\u00e9cennie des Nations Unies pour les sciences oc\u00e9aniques au service du d\u00e9veloppement durable 2021-2030 ont \u00e9t\u00e9 \u00e9labor\u00e9es et adopt\u00e9es par tous les participants.<\/p>\n<p style=\"text-align: center;\"><strong><a href=\"https:\/\/media.licdn.com\/dms\/image\/D4E22AQGk42yLGjLgCQ\/feedshare-shrink_1280\/0\/1685436169578?e=1691020800&amp;v=beta&amp;t=VLaF6Dnc0gfKeNjrBxmU8LWFC-deeM5YN_A6Z2lPR3Q\">RECOMMENDATIONS<\/a><\/strong><\/p>\n<p>&nbsp;<\/p>\n<p style=\"text-align: center;\"><strong>GALERIE DE PHOTOS<\/strong><\/p>\n\n\t\t<style type=\"text\/css\">\n\t\t\t#gallery-1 {\n\t\t\t\tmargin: auto;\n\t\t\t}\n\t\t\t#gallery-1 .gallery-item {\n\t\t\t\tfloat: left;\n\t\t\t\tmargin-top: 10px;\n\t\t\t\ttext-align: center;\n\t\t\t\twidth: 33%;\n\t\t\t}\n\t\t\t#gallery-1 img {\n\t\t\t\tborder: 2px solid #cfcfcf;\n\t\t\t}\n\t\t\t#gallery-1 .gallery-caption {\n\t\t\t\tmargin-left: 0;\n\t\t\t}\n\t\t\t\/* see gallery_shortcode() in wp-includes\/media.php *\/\n\t\t<\/style>\n\t\t<div id='gallery-1' class='gallery galleryid-13716 gallery-columns-3 gallery-size-thumbnail'><dl class='gallery-item'>\n\t\t\t<dt class='gallery-icon portrait'>\n\t\t\t\t<a href='https:\/\/paris.pan.pl\/wp-content\/uploads\/2023\/06\/3-1-scaled.jpg'><img loading=\"lazy\" decoding=\"async\" width=\"150\" height=\"150\" src=\"https:\/\/paris.pan.pl\/wp-content\/uploads\/2023\/06\/3-1-150x150.jpg\" class=\"attachment-thumbnail size-thumbnail\" alt=\"\" srcset=\"https:\/\/paris.pan.pl\/wp-content\/uploads\/2023\/06\/3-1-150x150.jpg 150w, https:\/\/paris.pan.pl\/wp-content\/uploads\/2023\/06\/3-1-300x300.jpg 300w, https:\/\/paris.pan.pl\/wp-content\/uploads\/2023\/06\/3-1-440x440.jpg 440w\" sizes=\"auto, (max-width: 150px) 100vw, 150px\" \/><\/a>\n\t\t\t<\/dt><\/dl><dl class='gallery-item'>\n\t\t\t<dt class='gallery-icon portrait'>\n\t\t\t\t<a href='https:\/\/paris.pan.pl\/wp-content\/uploads\/2023\/06\/6-1-scaled.jpg'><img loading=\"lazy\" decoding=\"async\" width=\"150\" height=\"150\" src=\"https:\/\/paris.pan.pl\/wp-content\/uploads\/2023\/06\/6-1-150x150.jpg\" class=\"attachment-thumbnail size-thumbnail\" alt=\"\" srcset=\"https:\/\/paris.pan.pl\/wp-content\/uploads\/2023\/06\/6-1-150x150.jpg 150w, https:\/\/paris.pan.pl\/wp-content\/uploads\/2023\/06\/6-1-300x300.jpg 300w, https:\/\/paris.pan.pl\/wp-content\/uploads\/2023\/06\/6-1-440x440.jpg 440w\" sizes=\"auto, (max-width: 150px) 100vw, 150px\" \/><\/a>\n\t\t\t<\/dt><\/dl><dl class='gallery-item'>\n\t\t\t<dt class='gallery-icon landscape'>\n\t\t\t\t<a href='https:\/\/paris.pan.pl\/wp-content\/uploads\/2023\/06\/25-1-scaled.jpg'><img loading=\"lazy\" decoding=\"async\" width=\"150\" height=\"150\" src=\"https:\/\/paris.pan.pl\/wp-content\/uploads\/2023\/06\/25-1-150x150.jpg\" class=\"attachment-thumbnail size-thumbnail\" alt=\"\" srcset=\"https:\/\/paris.pan.pl\/wp-content\/uploads\/2023\/06\/25-1-150x150.jpg 150w, https:\/\/paris.pan.pl\/wp-content\/uploads\/2023\/06\/25-1-300x300.jpg 300w, https:\/\/paris.pan.pl\/wp-content\/uploads\/2023\/06\/25-1-440x440.jpg 440w\" sizes=\"auto, (max-width: 150px) 100vw, 150px\" \/><\/a>\n\t\t\t<\/dt><\/dl><br style=\"clear: both\" \/><dl class='gallery-item'>\n\t\t\t<dt class='gallery-icon portrait'>\n\t\t\t\t<a href='https:\/\/paris.pan.pl\/wp-content\/uploads\/2023\/06\/26-1-scaled.jpg'><img loading=\"lazy\" decoding=\"async\" width=\"150\" height=\"150\" src=\"https:\/\/paris.pan.pl\/wp-content\/uploads\/2023\/06\/26-1-150x150.jpg\" class=\"attachment-thumbnail size-thumbnail\" alt=\"\" srcset=\"https:\/\/paris.pan.pl\/wp-content\/uploads\/2023\/06\/26-1-150x150.jpg 150w, https:\/\/paris.pan.pl\/wp-content\/uploads\/2023\/06\/26-1-300x300.jpg 300w, https:\/\/paris.pan.pl\/wp-content\/uploads\/2023\/06\/26-1-440x440.jpg 440w\" sizes=\"auto, (max-width: 150px) 100vw, 150px\" \/><\/a>\n\t\t\t<\/dt><\/dl><dl class='gallery-item'>\n\t\t\t<dt class='gallery-icon portrait'>\n\t\t\t\t<a href='https:\/\/paris.pan.pl\/wp-content\/uploads\/2023\/06\/IMG_9747-1-scaled-e1687855927719.jpg'><img loading=\"lazy\" decoding=\"async\" width=\"150\" height=\"150\" src=\"https:\/\/paris.pan.pl\/wp-content\/uploads\/2023\/06\/IMG_9747-1-scaled-e1687855927719-150x150.jpg\" class=\"attachment-thumbnail size-thumbnail\" alt=\"\" srcset=\"https:\/\/paris.pan.pl\/wp-content\/uploads\/2023\/06\/IMG_9747-1-scaled-e1687855927719-150x150.jpg 150w, https:\/\/paris.pan.pl\/wp-content\/uploads\/2023\/06\/IMG_9747-1-scaled-e1687855927719-300x300.jpg 300w, https:\/\/paris.pan.pl\/wp-content\/uploads\/2023\/06\/IMG_9747-1-scaled-e1687855927719-440x440.jpg 440w\" sizes=\"auto, (max-width: 150px) 100vw, 150px\" \/><\/a>\n\t\t\t<\/dt><\/dl><dl class='gallery-item'>\n\t\t\t<dt class='gallery-icon landscape'>\n\t\t\t\t<a href='https:\/\/paris.pan.pl\/wp-content\/uploads\/2023\/06\/IMG_9822-1-scaled.jpg'><img loading=\"lazy\" decoding=\"async\" width=\"150\" height=\"150\" src=\"https:\/\/paris.pan.pl\/wp-content\/uploads\/2023\/06\/IMG_9822-1-150x150.jpg\" class=\"attachment-thumbnail size-thumbnail\" alt=\"\" srcset=\"https:\/\/paris.pan.pl\/wp-content\/uploads\/2023\/06\/IMG_9822-1-150x150.jpg 150w, https:\/\/paris.pan.pl\/wp-content\/uploads\/2023\/06\/IMG_9822-1-300x300.jpg 300w, https:\/\/paris.pan.pl\/wp-content\/uploads\/2023\/06\/IMG_9822-1-440x440.jpg 440w\" sizes=\"auto, (max-width: 150px) 100vw, 150px\" \/><\/a>\n\t\t\t<\/dt><\/dl><br style=\"clear: both\" \/>\n\t\t<\/div>\n\n","protected":false},"excerpt":{"rendered":"<p>Le 22 mai 2023, une conf\u00e9rence intitul\u00e9e \u00abO\u00f9 va le monde ?\u00bb s&rsquo;est tenue \u00e0 l&rsquo;Acad\u00e9mie Polonaise des Sciences Centre Scientifique \u00e0 Paris, coorganis\u00e9e avec l&rsquo;Institut d&rsquo;oc\u00e9anologie PAN et en coop\u00e9ration avec plusieurs institutions internationales telles que l&rsquo;UNESCO, l&rsquo;European Marine Board Communication Panel, l&rsquo;Aquarium de Gdynia, Nausicaa, Sopot Science Association, Today We Have, et avec [&hellip;]<\/p>\n","protected":false},"author":45,"featured_media":13713,"comment_status":"closed","ping_status":"closed","sticky":false,"template":"","format":"standard","meta":{"_acf_changed":false,"_et_pb_use_builder":"","_et_pb_old_content":"","_et_gb_content_width":"","footnotes":""},"categories":[19],"tags":[],"class_list":["post-13716","post","type-post","status-publish","format-standard","has-post-thumbnail","hentry","category-temoignages","et-has-post-format-content","et_post_format-et-post-format-standard"],"acf":[],"_links":{"self":[{"href":"https:\/\/paris.pan.pl\/fr\/wp-json\/wp\/v2\/posts\/13716","targetHints":{"allow":["GET"]}}],"collection":[{"href":"https:\/\/paris.pan.pl\/fr\/wp-json\/wp\/v2\/posts"}],"about":[{"href":"https:\/\/paris.pan.pl\/fr\/wp-json\/wp\/v2\/types\/post"}],"author":[{"embeddable":true,"href":"https:\/\/paris.pan.pl\/fr\/wp-json\/wp\/v2\/users\/45"}],"replies":[{"embeddable":true,"href":"https:\/\/paris.pan.pl\/fr\/wp-json\/wp\/v2\/comments?post=13716"}],"version-history":[{"count":0,"href":"https:\/\/paris.pan.pl\/fr\/wp-json\/wp\/v2\/posts\/13716\/revisions"}],"wp:featuredmedia":[{"embeddable":true,"href":"https:\/\/paris.pan.pl\/fr\/wp-json\/wp\/v2\/media\/13713"}],"wp:attachment":[{"href":"https:\/\/paris.pan.pl\/fr\/wp-json\/wp\/v2\/media?parent=13716"}],"wp:term":[{"taxonomy":"category","embeddable":true,"href":"https:\/\/paris.pan.pl\/fr\/wp-json\/wp\/v2\/categories?post=13716"},{"taxonomy":"post_tag","embeddable":true,"href":"https:\/\/paris.pan.pl\/fr\/wp-json\/wp\/v2\/tags?post=13716"}],"curies":[{"name":"wp","href":"https:\/\/api.w.org\/{rel}","templated":true}]}}