{"id":13813,"date":"2023-07-06T13:50:58","date_gmt":"2023-07-06T13:50:58","guid":{"rendered":"https:\/\/paris.pan.pl\/polish-viva-technology-meetup\/"},"modified":"2023-07-06T14:26:46","modified_gmt":"2023-07-06T14:26:46","slug":"polish-viva-technology-meetup","status":"publish","type":"post","link":"https:\/\/paris.pan.pl\/fr\/polish-viva-technology-meetup\/","title":{"rendered":"Polish Viva Technology MeetUp"},"content":{"rendered":"<p style=\"text-align: justify;\">La plus grande conf\u00e9rence europ\u00e9enne sur les start-up et la technologie, <strong>Viva Technology<\/strong>, reconnue dans le monde entier comme un puissant catalyseur de la transformation et de l&rsquo;innovation des entreprises, s&rsquo;est tenue \u00e0 Paris <strong>du 14 au 17 juin 2023<\/strong>. L&rsquo;\u00e9v\u00e9nement a rassembl\u00e9 les plus grands chefs d&rsquo;entreprise, investisseurs, chercheurs et repr\u00e9sentants de start-up du monde entier pour pr\u00e9senter leurs solutions technologiques innovantes, s&rsquo;inspirer mutuellement et nouer de nouveaux contacts. <strong>Elon Musk<\/strong> et <strong>Emanuel Macron<\/strong>, ainsi que des repr\u00e9sentants de grandes entreprises technologiques (Orange, PayPal, Salesforce et META, par exemple) ont pris la parole lors de l&rsquo;\u00e9v\u00e9nement.<\/p>\n<p style=\"text-align: justify;\"><strong>L&rsquo;Acad\u00e9mie Polonaise des Sciences Centre Scientifique de Paris<\/strong>, partenaire de l&rsquo;\u00e9v\u00e9nement organis\u00e9 gr\u00e2ce \u00e0 l&rsquo;initiative de <strong>l&rsquo;Ambassade de Pologne \u00e0 Paris<\/strong>, a \u00e9galement particip\u00e9 \u00e0 l&rsquo;\u00e9v\u00e9nement. La rencontre <strong>Polish VIVA TECHNOLOGY MeetUP<\/strong> a eu lieu le <strong>15 juin<\/strong> et visait \u00e0 mettre en valeur la participation de la Pologne \u00e0 la conf\u00e9rence et \u00e0 renforcer la coop\u00e9ration franco-polonaise dans le secteur technologique, ainsi qu&rsquo;\u00e0 cr\u00e9er une plateforme pour l&rsquo;\u00e9change d&rsquo;exp\u00e9riences et la mise en place de r\u00e9seaux.<\/p>\n<p style=\"text-align: justify;\">L&rsquo;\u00e9v\u00e9nement a d\u00e9but\u00e9 par une visite d&rsquo;\u00e9tude du secteur public et des startups pr\u00e9sentes \u00e0 la conf\u00e9rence, ainsi que des laboratoires du parc technologique et du si\u00e8ge de <strong>BioLabs<\/strong>.<\/p>\n<p style=\"text-align: justify;\">La deuxi\u00e8me partie de l&rsquo;\u00e9v\u00e9nement s&rsquo;est d\u00e9roul\u00e9e dans les salons de repr\u00e9sentation de l&rsquo;Ambassade de Pologne \u00e0 Paris et a rassembl\u00e9 environ 200 participants, dont des startups polonaises et fran\u00e7aises, des repr\u00e9sentants d&rsquo;investisseurs polonais, fran\u00e7ais et \u00e9trangers.<\/p>\n<p style=\"text-align: justify;\">Le discours d&rsquo;ouverture de <strong>l&rsquo;ambassadeur Jan Emeryk Ro\u015bciszewski<\/strong> a \u00e9t\u00e9 suivi d&rsquo;un d\u00e9bat sur la coop\u00e9ration franco-polonaise dans le secteur des nouvelles technologies, auquel ont particip\u00e9 <strong>Eliza Kruczkowska<\/strong>, directrice du Fonds de D\u00e9veloppement Polonais, <strong>Christian Luginb\u00fchl<\/strong>, vice-pr\u00e9sident d&rsquo;Orange Europe, <strong>Arkadiusz Ilgowski<\/strong>, pr\u00e9sident de Comarch France, <strong>Walid Barsali<\/strong>, pr\u00e9sident de La French Tech Warsaw, <strong>Kasia Lechka<\/strong>, pr\u00e9sidente de Polish Tech Day et <strong>Greg Lewicki<\/strong> de 300RESEARCH.<\/p>\n<p style=\"text-align: justify;\">La r\u00e9union s&rsquo;est termin\u00e9e par une mise en r\u00e9seau des participants, qui, nous l&rsquo;esp\u00e9rons, d\u00e9bouchera sur de nouveaux contacts et une coop\u00e9ration dans le secteur technologique franco-polonais.<\/p>\n<p>&nbsp;<\/p>\n<p>&nbsp;<\/p>\n\n\t\t<style type=\"text\/css\">\n\t\t\t#gallery-1 {\n\t\t\t\tmargin: auto;\n\t\t\t}\n\t\t\t#gallery-1 .gallery-item {\n\t\t\t\tfloat: left;\n\t\t\t\tmargin-top: 10px;\n\t\t\t\ttext-align: center;\n\t\t\t\twidth: 25%;\n\t\t\t}\n\t\t\t#gallery-1 img {\n\t\t\t\tborder: 2px solid #cfcfcf;\n\t\t\t}\n\t\t\t#gallery-1 .gallery-caption {\n\t\t\t\tmargin-left: 0;\n\t\t\t}\n\t\t\t\/* see gallery_shortcode() in wp-includes\/media.php *\/\n\t\t<\/style>\n\t\t<div id='gallery-1' class='gallery galleryid-13813 gallery-columns-4 gallery-size-thumbnail'><dl class='gallery-item'>\n\t\t\t<dt class='gallery-icon landscape'>\n\t\t\t\t<a href='https:\/\/paris.pan.pl\/wp-content\/uploads\/2023\/07\/8.jpg'><img loading=\"lazy\" decoding=\"async\" width=\"150\" height=\"150\" src=\"https:\/\/paris.pan.pl\/wp-content\/uploads\/2023\/07\/8-150x150.jpg\" class=\"attachment-thumbnail size-thumbnail\" alt=\"\" srcset=\"https:\/\/paris.pan.pl\/wp-content\/uploads\/2023\/07\/8-150x150.jpg 150w, https:\/\/paris.pan.pl\/wp-content\/uploads\/2023\/07\/8-300x300.jpg 300w, https:\/\/paris.pan.pl\/wp-content\/uploads\/2023\/07\/8-440x440.jpg 440w\" sizes=\"auto, (max-width: 150px) 100vw, 150px\" \/><\/a>\n\t\t\t<\/dt><\/dl><dl class='gallery-item'>\n\t\t\t<dt class='gallery-icon landscape'>\n\t\t\t\t<a href='https:\/\/paris.pan.pl\/wp-content\/uploads\/2023\/07\/6-1.jpg'><img loading=\"lazy\" decoding=\"async\" width=\"150\" height=\"150\" src=\"https:\/\/paris.pan.pl\/wp-content\/uploads\/2023\/07\/6-1-150x150.jpg\" class=\"attachment-thumbnail size-thumbnail\" alt=\"\" srcset=\"https:\/\/paris.pan.pl\/wp-content\/uploads\/2023\/07\/6-1-150x150.jpg 150w, https:\/\/paris.pan.pl\/wp-content\/uploads\/2023\/07\/6-1-300x300.jpg 300w, https:\/\/paris.pan.pl\/wp-content\/uploads\/2023\/07\/6-1-440x440.jpg 440w\" sizes=\"auto, (max-width: 150px) 100vw, 150px\" \/><\/a>\n\t\t\t<\/dt><\/dl><dl class='gallery-item'>\n\t\t\t<dt class='gallery-icon landscape'>\n\t\t\t\t<a href='https:\/\/paris.pan.pl\/wp-content\/uploads\/2023\/07\/5-1.jpg'><img loading=\"lazy\" decoding=\"async\" width=\"150\" height=\"150\" src=\"https:\/\/paris.pan.pl\/wp-content\/uploads\/2023\/07\/5-1-150x150.jpg\" class=\"attachment-thumbnail size-thumbnail\" alt=\"\" srcset=\"https:\/\/paris.pan.pl\/wp-content\/uploads\/2023\/07\/5-1-150x150.jpg 150w, https:\/\/paris.pan.pl\/wp-content\/uploads\/2023\/07\/5-1-300x300.jpg 300w, https:\/\/paris.pan.pl\/wp-content\/uploads\/2023\/07\/5-1-440x440.jpg 440w\" sizes=\"auto, (max-width: 150px) 100vw, 150px\" \/><\/a>\n\t\t\t<\/dt><\/dl><dl class='gallery-item'>\n\t\t\t<dt class='gallery-icon landscape'>\n\t\t\t\t<a href='https:\/\/paris.pan.pl\/wp-content\/uploads\/2023\/07\/1-1.jpg'><img loading=\"lazy\" decoding=\"async\" width=\"150\" height=\"150\" src=\"https:\/\/paris.pan.pl\/wp-content\/uploads\/2023\/07\/1-1-150x150.jpg\" class=\"attachment-thumbnail size-thumbnail\" alt=\"\" srcset=\"https:\/\/paris.pan.pl\/wp-content\/uploads\/2023\/07\/1-1-150x150.jpg 150w, https:\/\/paris.pan.pl\/wp-content\/uploads\/2023\/07\/1-1-300x300.jpg 300w, https:\/\/paris.pan.pl\/wp-content\/uploads\/2023\/07\/1-1-440x440.jpg 440w\" sizes=\"auto, (max-width: 150px) 100vw, 150px\" \/><\/a>\n\t\t\t<\/dt><\/dl><br style=\"clear: both\" \/>\n\t\t<\/div>\n\n","protected":false},"excerpt":{"rendered":"<p>La plus grande conf\u00e9rence europ\u00e9enne sur les start-up et la technologie, Viva Technology, reconnue dans le monde entier comme un puissant catalyseur de la transformation et de l&rsquo;innovation des entreprises, s&rsquo;est tenue \u00e0 Paris du 14 au 17 juin 2023. L&rsquo;\u00e9v\u00e9nement a rassembl\u00e9 les plus grands chefs d&rsquo;entreprise, investisseurs, chercheurs et repr\u00e9sentants de start-up du [&hellip;]<\/p>\n","protected":false},"author":45,"featured_media":13804,"comment_status":"closed","ping_status":"closed","sticky":false,"template":"","format":"standard","meta":{"_acf_changed":false,"_et_pb_use_builder":"","_et_pb_old_content":"","_et_gb_content_width":"","footnotes":""},"categories":[19],"tags":[],"class_list":["post-13813","post","type-post","status-publish","format-standard","has-post-thumbnail","hentry","category-temoignages","et-has-post-format-content","et_post_format-et-post-format-standard"],"acf":[],"_links":{"self":[{"href":"https:\/\/paris.pan.pl\/fr\/wp-json\/wp\/v2\/posts\/13813","targetHints":{"allow":["GET"]}}],"collection":[{"href":"https:\/\/paris.pan.pl\/fr\/wp-json\/wp\/v2\/posts"}],"about":[{"href":"https:\/\/paris.pan.pl\/fr\/wp-json\/wp\/v2\/types\/post"}],"author":[{"embeddable":true,"href":"https:\/\/paris.pan.pl\/fr\/wp-json\/wp\/v2\/users\/45"}],"replies":[{"embeddable":true,"href":"https:\/\/paris.pan.pl\/fr\/wp-json\/wp\/v2\/comments?post=13813"}],"version-history":[{"count":0,"href":"https:\/\/paris.pan.pl\/fr\/wp-json\/wp\/v2\/posts\/13813\/revisions"}],"wp:featuredmedia":[{"embeddable":true,"href":"https:\/\/paris.pan.pl\/fr\/wp-json\/wp\/v2\/media\/13804"}],"wp:attachment":[{"href":"https:\/\/paris.pan.pl\/fr\/wp-json\/wp\/v2\/media?parent=13813"}],"wp:term":[{"taxonomy":"category","embeddable":true,"href":"https:\/\/paris.pan.pl\/fr\/wp-json\/wp\/v2\/categories?post=13813"},{"taxonomy":"post_tag","embeddable":true,"href":"https:\/\/paris.pan.pl\/fr\/wp-json\/wp\/v2\/tags?post=13813"}],"curies":[{"name":"wp","href":"https:\/\/api.w.org\/{rel}","templated":true}]}}