{"id":13876,"date":"2023-07-11T14:11:11","date_gmt":"2023-07-11T14:11:11","guid":{"rendered":"https:\/\/paris.pan.pl\/science-polish-perspectives-spp-meetup-paris-2023\/"},"modified":"2023-07-11T14:41:29","modified_gmt":"2023-07-11T14:41:29","slug":"science-polish-perspectives-spp-meetup-paris-2023","status":"publish","type":"post","link":"https:\/\/paris.pan.pl\/fr\/science-polish-perspectives-spp-meetup-paris-2023\/","title":{"rendered":"Science: Polish Perspectives (SPP) Meetup &#8211; Paris 2023"},"content":{"rendered":"<p style=\"text-align: justify;\">Les <strong>18 et 19 juin<\/strong> ont \u00e9t\u00e9 des journ\u00e9es sp\u00e9ciales au cours desquelles nous avons eu le plaisir de rencontrer un groupe de femmes talentueuses et de c\u00e9l\u00e9brer leurs succ\u00e8s dans les domaines de la science et de l&rsquo;entreprise. Tout cela gr\u00e2ce \u00e0 la rencontre <strong>Science : Polish Perspectives Meetup &#8211; Paris 2023<\/strong>. Science : Polish Perspectives est une s\u00e9rie de rencontres de la diaspora scientifique polonaise, qui se d\u00e9roulent dans diff\u00e9rents endroits du monde, \u00e0 l&rsquo;initiative de la <strong>Fondation Polonium<\/strong>. Cette fois-ci, l&rsquo;\u00e9v\u00e9nement a eu lieu \u00e0 Paris et nous avons eu le plaisir d&rsquo;\u00eatre coorganisateurs. Il s&rsquo;agissait d&rsquo;une rencontre unique : pour c\u00e9l\u00e9brer l&rsquo;esprit de Marie Sk\u0142odowska-Curie, les orateurs de l&rsquo;\u00e9v\u00e9nement \u00e9taient exclusivement des femmes.<\/p>\n<p style=\"text-align: justify;\">La premi\u00e8re journ\u00e9e \u00e9tait d\u00e9di\u00e9e \u00e0 la perspective commerciale et s&rsquo;est d\u00e9roul\u00e9e \u00e0 <strong>L&rsquo;Ambassade de Pologne \u00e0 Paris<\/strong>. La r\u00e9union a \u00e9t\u00e9 ouverte par <strong>Andrzej Szyd\u0142o, consul de Pologne en France<\/strong>. <strong>El\u017cbieta Wysocza\u0144ska<\/strong>, PDG de la soci\u00e9t\u00e9 de cosm\u00e9tiques VISOANSKA, a ensuite prononc\u00e9 un discours dans lequel elle a parl\u00e9 des exp\u00e9riences et des obstacles qu&rsquo;elle a rencontr\u00e9s dans son parcours professionnel. Un autre moment marquant de la soir\u00e9e a \u00e9t\u00e9 le concert donn\u00e9 par deux jeunes artistes talentueuses, Anna et Caroline Sypniewski. La r\u00e9union s&rsquo;est termin\u00e9e par un networking, qui a permis \u00e0 la diaspora polonaise de s&rsquo;int\u00e9grer et d&rsquo;\u00e9changer des exp\u00e9riences et des contacts.<\/p>\n<p style=\"text-align: justify;\">La deuxi\u00e8me journ\u00e9e de l&rsquo;\u00e9v\u00e9nement s&rsquo;est d\u00e9roul\u00e9e <strong>\u00e0 l&rsquo;Acad\u00e9mie Polonaise des Sciences Centre Scientifique \u00e0 Paris<\/strong>, et a \u00e9t\u00e9 consacr\u00e9e \u00e0 la science. La r\u00e9union a commenc\u00e9 par l&rsquo;accueil des invit\u00e9s par les organisateurs de l&rsquo;\u00e9v\u00e9nement : <strong>Magdalena Sajdak<\/strong> &#8211; directrice du Centre, <strong>Alicja Santos<\/strong> &#8211; directrice g\u00e9n\u00e9rale de la Polonium Foundation, <strong>Agnieszka Bonnefoy<\/strong> &#8211; directrice de l&rsquo;Agence polonaise pour l&rsquo;investissement et du commerce, et <strong>Karolina Grabowicz-Matyjas<\/strong> &#8211; directrice du Mus\u00e9e de l&rsquo;\u00e9migration \u00e0 Gdynia. Le discours principal, pr\u00e9sent\u00e9 par <strong>Jolanta Swiatowska<\/strong> du Centre national fran\u00e7ais de la recherche scientifique, a \u00e9t\u00e9 suivi d&rsquo;une table ronde, de nombreuses pr\u00e9sentations riches en connaissances scientifiques et commerciales et de deux ateliers. Comme le premier jour, la r\u00e9union s&rsquo;est termin\u00e9e par un networking.<\/p>\n<p style=\"text-align: justify;\">Les participants \u00e0 la r\u00e9union ont \u00e9galement pu prendre part \u00e0 une promenade \u00ab Sur les traces de Marie Sk\u0142odowska-Curie \u00bb dans les rues de Paris, \u00e0 proximit\u00e9 de la Sorbonne et du mus\u00e9e Curie.<\/p>\n<p>&nbsp;<\/p>\n<p style=\"text-align: center;\">\n<strong>GALERIE PHOTO<\/strong><\/p>\n\n\t\t<style type=\"text\/css\">\n\t\t\t#gallery-1 {\n\t\t\t\tmargin: auto;\n\t\t\t}\n\t\t\t#gallery-1 .gallery-item {\n\t\t\t\tfloat: left;\n\t\t\t\tmargin-top: 10px;\n\t\t\t\ttext-align: center;\n\t\t\t\twidth: 33%;\n\t\t\t}\n\t\t\t#gallery-1 img {\n\t\t\t\tborder: 2px solid #cfcfcf;\n\t\t\t}\n\t\t\t#gallery-1 .gallery-caption {\n\t\t\t\tmargin-left: 0;\n\t\t\t}\n\t\t\t\/* see gallery_shortcode() in wp-includes\/media.php *\/\n\t\t<\/style>\n\t\t<div id='gallery-1' class='gallery galleryid-13876 gallery-columns-3 gallery-size-thumbnail'><dl class='gallery-item'>\n\t\t\t<dt class='gallery-icon landscape'>\n\t\t\t\t<a href='https:\/\/paris.pan.pl\/wp-content\/uploads\/2023\/07\/18-06-2023-iFrancja-32-1.jpg'><img loading=\"lazy\" decoding=\"async\" width=\"150\" height=\"150\" src=\"https:\/\/paris.pan.pl\/wp-content\/uploads\/2023\/07\/18-06-2023-iFrancja-32-1-150x150.jpg\" class=\"attachment-thumbnail size-thumbnail\" alt=\"\" srcset=\"https:\/\/paris.pan.pl\/wp-content\/uploads\/2023\/07\/18-06-2023-iFrancja-32-1-150x150.jpg 150w, https:\/\/paris.pan.pl\/wp-content\/uploads\/2023\/07\/18-06-2023-iFrancja-32-1-300x300.jpg 300w, https:\/\/paris.pan.pl\/wp-content\/uploads\/2023\/07\/18-06-2023-iFrancja-32-1-440x440.jpg 440w\" sizes=\"auto, (max-width: 150px) 100vw, 150px\" \/><\/a>\n\t\t\t<\/dt><\/dl><dl class='gallery-item'>\n\t\t\t<dt class='gallery-icon landscape'>\n\t\t\t\t<a href='https:\/\/paris.pan.pl\/wp-content\/uploads\/2023\/07\/18-06-2023-iFrancja-16-1.jpg'><img loading=\"lazy\" decoding=\"async\" width=\"150\" height=\"150\" src=\"https:\/\/paris.pan.pl\/wp-content\/uploads\/2023\/07\/18-06-2023-iFrancja-16-1-150x150.jpg\" class=\"attachment-thumbnail size-thumbnail\" alt=\"\" srcset=\"https:\/\/paris.pan.pl\/wp-content\/uploads\/2023\/07\/18-06-2023-iFrancja-16-1-150x150.jpg 150w, https:\/\/paris.pan.pl\/wp-content\/uploads\/2023\/07\/18-06-2023-iFrancja-16-1-300x300.jpg 300w, https:\/\/paris.pan.pl\/wp-content\/uploads\/2023\/07\/18-06-2023-iFrancja-16-1-440x440.jpg 440w\" sizes=\"auto, (max-width: 150px) 100vw, 150px\" \/><\/a>\n\t\t\t<\/dt><\/dl><dl class='gallery-item'>\n\t\t\t<dt class='gallery-icon landscape'>\n\t\t\t\t<a href='https:\/\/paris.pan.pl\/wp-content\/uploads\/2023\/07\/19-06-2023-iFrancja-37-1.jpg'><img loading=\"lazy\" decoding=\"async\" width=\"150\" height=\"150\" src=\"https:\/\/paris.pan.pl\/wp-content\/uploads\/2023\/07\/19-06-2023-iFrancja-37-1-150x150.jpg\" class=\"attachment-thumbnail size-thumbnail\" alt=\"\" srcset=\"https:\/\/paris.pan.pl\/wp-content\/uploads\/2023\/07\/19-06-2023-iFrancja-37-1-150x150.jpg 150w, https:\/\/paris.pan.pl\/wp-content\/uploads\/2023\/07\/19-06-2023-iFrancja-37-1-300x300.jpg 300w, https:\/\/paris.pan.pl\/wp-content\/uploads\/2023\/07\/19-06-2023-iFrancja-37-1-440x440.jpg 440w\" sizes=\"auto, (max-width: 150px) 100vw, 150px\" \/><\/a>\n\t\t\t<\/dt><\/dl><br style=\"clear: both\" \/><dl class='gallery-item'>\n\t\t\t<dt class='gallery-icon landscape'>\n\t\t\t\t<a href='https:\/\/paris.pan.pl\/wp-content\/uploads\/2023\/07\/19-06-2023-iFrancja-3-1.jpg'><img loading=\"lazy\" decoding=\"async\" width=\"150\" height=\"150\" src=\"https:\/\/paris.pan.pl\/wp-content\/uploads\/2023\/07\/19-06-2023-iFrancja-3-1-150x150.jpg\" class=\"attachment-thumbnail size-thumbnail\" alt=\"\" srcset=\"https:\/\/paris.pan.pl\/wp-content\/uploads\/2023\/07\/19-06-2023-iFrancja-3-1-150x150.jpg 150w, https:\/\/paris.pan.pl\/wp-content\/uploads\/2023\/07\/19-06-2023-iFrancja-3-1-300x300.jpg 300w, https:\/\/paris.pan.pl\/wp-content\/uploads\/2023\/07\/19-06-2023-iFrancja-3-1-440x440.jpg 440w\" sizes=\"auto, (max-width: 150px) 100vw, 150px\" \/><\/a>\n\t\t\t<\/dt><\/dl><dl class='gallery-item'>\n\t\t\t<dt class='gallery-icon landscape'>\n\t\t\t\t<a href='https:\/\/paris.pan.pl\/wp-content\/uploads\/2023\/07\/19-06-2023-iFrancja-18-1.jpg'><img loading=\"lazy\" decoding=\"async\" width=\"150\" height=\"150\" src=\"https:\/\/paris.pan.pl\/wp-content\/uploads\/2023\/07\/19-06-2023-iFrancja-18-1-150x150.jpg\" class=\"attachment-thumbnail size-thumbnail\" alt=\"\" srcset=\"https:\/\/paris.pan.pl\/wp-content\/uploads\/2023\/07\/19-06-2023-iFrancja-18-1-150x150.jpg 150w, https:\/\/paris.pan.pl\/wp-content\/uploads\/2023\/07\/19-06-2023-iFrancja-18-1-300x300.jpg 300w, https:\/\/paris.pan.pl\/wp-content\/uploads\/2023\/07\/19-06-2023-iFrancja-18-1-440x440.jpg 440w\" sizes=\"auto, (max-width: 150px) 100vw, 150px\" \/><\/a>\n\t\t\t<\/dt><\/dl><dl class='gallery-item'>\n\t\t\t<dt class='gallery-icon landscape'>\n\t\t\t\t<a href='https:\/\/paris.pan.pl\/wp-content\/uploads\/2023\/07\/19-06-2023-iFrancja-93-1.jpg'><img loading=\"lazy\" decoding=\"async\" width=\"150\" height=\"150\" src=\"https:\/\/paris.pan.pl\/wp-content\/uploads\/2023\/07\/19-06-2023-iFrancja-93-1-150x150.jpg\" class=\"attachment-thumbnail size-thumbnail\" alt=\"\" srcset=\"https:\/\/paris.pan.pl\/wp-content\/uploads\/2023\/07\/19-06-2023-iFrancja-93-1-150x150.jpg 150w, https:\/\/paris.pan.pl\/wp-content\/uploads\/2023\/07\/19-06-2023-iFrancja-93-1-300x300.jpg 300w, https:\/\/paris.pan.pl\/wp-content\/uploads\/2023\/07\/19-06-2023-iFrancja-93-1-440x440.jpg 440w\" sizes=\"auto, (max-width: 150px) 100vw, 150px\" \/><\/a>\n\t\t\t<\/dt><\/dl><br style=\"clear: both\" \/>\n\t\t<\/div>\n\n<p style=\"text-align: justify;\">\n","protected":false},"excerpt":{"rendered":"<p>Les 18 et 19 juin ont \u00e9t\u00e9 des journ\u00e9es sp\u00e9ciales au cours desquelles nous avons eu le plaisir de rencontrer un groupe de femmes talentueuses et de c\u00e9l\u00e9brer leurs succ\u00e8s dans les domaines de la science et de l&rsquo;entreprise. Tout cela gr\u00e2ce \u00e0 la rencontre Science : Polish Perspectives Meetup &#8211; Paris 2023. Science : [&hellip;]<\/p>\n","protected":false},"author":45,"featured_media":13209,"comment_status":"closed","ping_status":"closed","sticky":false,"template":"","format":"standard","meta":{"_acf_changed":false,"_et_pb_use_builder":"","_et_pb_old_content":"","_et_gb_content_width":"","footnotes":""},"categories":[19],"tags":[],"class_list":["post-13876","post","type-post","status-publish","format-standard","has-post-thumbnail","hentry","category-temoignages","et-has-post-format-content","et_post_format-et-post-format-standard"],"acf":[],"_links":{"self":[{"href":"https:\/\/paris.pan.pl\/fr\/wp-json\/wp\/v2\/posts\/13876","targetHints":{"allow":["GET"]}}],"collection":[{"href":"https:\/\/paris.pan.pl\/fr\/wp-json\/wp\/v2\/posts"}],"about":[{"href":"https:\/\/paris.pan.pl\/fr\/wp-json\/wp\/v2\/types\/post"}],"author":[{"embeddable":true,"href":"https:\/\/paris.pan.pl\/fr\/wp-json\/wp\/v2\/users\/45"}],"replies":[{"embeddable":true,"href":"https:\/\/paris.pan.pl\/fr\/wp-json\/wp\/v2\/comments?post=13876"}],"version-history":[{"count":0,"href":"https:\/\/paris.pan.pl\/fr\/wp-json\/wp\/v2\/posts\/13876\/revisions"}],"wp:featuredmedia":[{"embeddable":true,"href":"https:\/\/paris.pan.pl\/fr\/wp-json\/wp\/v2\/media\/13209"}],"wp:attachment":[{"href":"https:\/\/paris.pan.pl\/fr\/wp-json\/wp\/v2\/media?parent=13876"}],"wp:term":[{"taxonomy":"category","embeddable":true,"href":"https:\/\/paris.pan.pl\/fr\/wp-json\/wp\/v2\/categories?post=13876"},{"taxonomy":"post_tag","embeddable":true,"href":"https:\/\/paris.pan.pl\/fr\/wp-json\/wp\/v2\/tags?post=13876"}],"curies":[{"name":"wp","href":"https:\/\/api.w.org\/{rel}","templated":true}]}}