{"id":15135,"date":"2023-09-22T14:56:51","date_gmt":"2023-09-22T14:56:51","guid":{"rendered":"https:\/\/paris.pan.pl\/?p=15135"},"modified":"2023-11-10T10:06:47","modified_gmt":"2023-11-10T10:06:47","slug":"promotion-du-volume-des-materiaux-du-symposium-des-collections-aux-musees-collection-et-mediation-culturelle-a-lepoque-de-feliks-jasienski","status":"publish","type":"post","link":"https:\/\/paris.pan.pl\/fr\/promotion-du-volume-des-materiaux-du-symposium-des-collections-aux-musees-collection-et-mediation-culturelle-a-lepoque-de-feliks-jasienski\/","title":{"rendered":"Promotion du volume des mat\u00e9riaux du symposium \u00ab\u00a0Des collections aux mus\u00e9es. Collection et m\u00e9diation culturelle \u00e0 l&rsquo;\u00e9poque de Feliks Jasie\u0144ski\u00a0\u00bb."},"content":{"rendered":"<p>Le 21 septembre, une conf\u00e9rence interdisciplinaire s&rsquo;est tenue \u00e0 la Station scientifique de l&rsquo;Acad\u00e9mie polonaise des sciences \u00e0 Paris. Cet \u00e9v\u00e9nement est le fruit d&rsquo;une collaboration entre l&rsquo;Institut polonais d&rsquo;\u00e9tudes des arts du monde, l&rsquo;Acad\u00e9mie polonaise des sciences, la Station scientifique de Paris, Saprat (Savoirs et pratiques du Moyen \u00c2ge \u00e0 l&rsquo;\u00e9poque contemporaine) et l&rsquo;\u00c9cole pratique des hautes \u00e9tudes &#8211; PSL \u00e0 Paris. La conf\u00e9rence \u00e9tait intitul\u00e9e \u00ab\u00a0Des collections aux mus\u00e9es : Collecte et m\u00e9diation culturelle \u00e0 l&rsquo;\u00e9poque de Feliks Jasie\u0144ski\u00a0\u00bb. Elle visait \u00e0 promouvoir la publication des actes d&rsquo;un colloque en fran\u00e7ais et en anglais portant le m\u00eame titre et organis\u00e9 \u00e0 la Station scientifique de l&rsquo;Acad\u00e9mie polonaise des sciences \u00e0 Paris en 2021. Le volume a \u00e9galement servi de base \u00e0 un d\u00e9bat intellectuel sur l&rsquo;id\u00e9e de collection. Des remerciements sinc\u00e8res ont \u00e9t\u00e9 adress\u00e9s \u00e0 Mme Agnieszka Kulczewska-W\u00f3jcik et \u00e0 Mme Ewa Bobrowska, qui ont efficacement pr\u00e9sent\u00e9 les questions de fond aux participants \u00e0 la conf\u00e9rence et ont mod\u00e9r\u00e9 l&rsquo;ensemble de l&rsquo;\u00e9v\u00e9nement. La conf\u00e9rence constitue non seulement une note historique sur la collecte, mais aussi une nouvelle perspective sur les activit\u00e9s des \u00ab\u00a0agents culturels\u00a0\u00bb, ouvrant ainsi de nouveaux horizons de recherche dans ce domaine.<\/p>\n\n\t\t<style type=\"text\/css\">\n\t\t\t#gallery-1 {\n\t\t\t\tmargin: auto;\n\t\t\t}\n\t\t\t#gallery-1 .gallery-item {\n\t\t\t\tfloat: left;\n\t\t\t\tmargin-top: 10px;\n\t\t\t\ttext-align: center;\n\t\t\t\twidth: 33%;\n\t\t\t}\n\t\t\t#gallery-1 img {\n\t\t\t\tborder: 2px solid #cfcfcf;\n\t\t\t}\n\t\t\t#gallery-1 .gallery-caption {\n\t\t\t\tmargin-left: 0;\n\t\t\t}\n\t\t\t\/* see gallery_shortcode() in wp-includes\/media.php *\/\n\t\t<\/style>\n\t\t<div id='gallery-1' class='gallery galleryid-15135 gallery-columns-3 gallery-size-thumbnail'><dl class='gallery-item'>\n\t\t\t<dt class='gallery-icon landscape'>\n\t\t\t\t<a href='https:\/\/paris.pan.pl\/wp-content\/uploads\/2023\/09\/IMG_1042-scaled-e1699610390282.jpg'><img loading=\"lazy\" decoding=\"async\" width=\"150\" height=\"150\" src=\"https:\/\/paris.pan.pl\/wp-content\/uploads\/2023\/09\/IMG_1042-150x150.jpg\" class=\"attachment-thumbnail size-thumbnail\" alt=\"\" srcset=\"https:\/\/paris.pan.pl\/wp-content\/uploads\/2023\/09\/IMG_1042-150x150.jpg 150w, https:\/\/paris.pan.pl\/wp-content\/uploads\/2023\/09\/IMG_1042-300x300.jpg 300w, https:\/\/paris.pan.pl\/wp-content\/uploads\/2023\/09\/IMG_1042-440x440.jpg 440w\" sizes=\"auto, (max-width: 150px) 100vw, 150px\" \/><\/a>\n\t\t\t<\/dt><\/dl><dl class='gallery-item'>\n\t\t\t<dt class='gallery-icon landscape'>\n\t\t\t\t<a href='https:\/\/paris.pan.pl\/wp-content\/uploads\/2023\/09\/IMG_0978-scaled.jpg'><img loading=\"lazy\" decoding=\"async\" width=\"150\" height=\"150\" src=\"https:\/\/paris.pan.pl\/wp-content\/uploads\/2023\/09\/IMG_0978-150x150.jpg\" class=\"attachment-thumbnail size-thumbnail\" alt=\"\" srcset=\"https:\/\/paris.pan.pl\/wp-content\/uploads\/2023\/09\/IMG_0978-150x150.jpg 150w, https:\/\/paris.pan.pl\/wp-content\/uploads\/2023\/09\/IMG_0978-300x300.jpg 300w, https:\/\/paris.pan.pl\/wp-content\/uploads\/2023\/09\/IMG_0978-440x440.jpg 440w\" sizes=\"auto, (max-width: 150px) 100vw, 150px\" \/><\/a>\n\t\t\t<\/dt><\/dl><dl class='gallery-item'>\n\t\t\t<dt class='gallery-icon landscape'>\n\t\t\t\t<a href='https:\/\/paris.pan.pl\/wp-content\/uploads\/2023\/09\/IMG_0882-scaled.jpg'><img loading=\"lazy\" decoding=\"async\" width=\"150\" height=\"150\" src=\"https:\/\/paris.pan.pl\/wp-content\/uploads\/2023\/09\/IMG_0882-150x150.jpg\" class=\"attachment-thumbnail size-thumbnail\" alt=\"\" srcset=\"https:\/\/paris.pan.pl\/wp-content\/uploads\/2023\/09\/IMG_0882-150x150.jpg 150w, https:\/\/paris.pan.pl\/wp-content\/uploads\/2023\/09\/IMG_0882-300x300.jpg 300w, https:\/\/paris.pan.pl\/wp-content\/uploads\/2023\/09\/IMG_0882-440x440.jpg 440w\" sizes=\"auto, (max-width: 150px) 100vw, 150px\" \/><\/a>\n\t\t\t<\/dt><\/dl><br style=\"clear: both\" \/><dl class='gallery-item'>\n\t\t\t<dt class='gallery-icon landscape'>\n\t\t\t\t<a href='https:\/\/paris.pan.pl\/wp-content\/uploads\/2023\/09\/IMG_0905-scaled.jpg'><img loading=\"lazy\" decoding=\"async\" width=\"150\" height=\"150\" src=\"https:\/\/paris.pan.pl\/wp-content\/uploads\/2023\/09\/IMG_0905-150x150.jpg\" class=\"attachment-thumbnail size-thumbnail\" alt=\"\" srcset=\"https:\/\/paris.pan.pl\/wp-content\/uploads\/2023\/09\/IMG_0905-150x150.jpg 150w, https:\/\/paris.pan.pl\/wp-content\/uploads\/2023\/09\/IMG_0905-300x300.jpg 300w, https:\/\/paris.pan.pl\/wp-content\/uploads\/2023\/09\/IMG_0905-440x440.jpg 440w\" sizes=\"auto, (max-width: 150px) 100vw, 150px\" \/><\/a>\n\t\t\t<\/dt><\/dl><dl class='gallery-item'>\n\t\t\t<dt class='gallery-icon landscape'>\n\t\t\t\t<a href='https:\/\/paris.pan.pl\/wp-content\/uploads\/2023\/09\/IMG_0878-scaled.jpg'><img loading=\"lazy\" decoding=\"async\" width=\"150\" height=\"150\" src=\"https:\/\/paris.pan.pl\/wp-content\/uploads\/2023\/09\/IMG_0878-150x150.jpg\" class=\"attachment-thumbnail size-thumbnail\" alt=\"\" srcset=\"https:\/\/paris.pan.pl\/wp-content\/uploads\/2023\/09\/IMG_0878-150x150.jpg 150w, https:\/\/paris.pan.pl\/wp-content\/uploads\/2023\/09\/IMG_0878-300x300.jpg 300w, https:\/\/paris.pan.pl\/wp-content\/uploads\/2023\/09\/IMG_0878-440x440.jpg 440w\" sizes=\"auto, (max-width: 150px) 100vw, 150px\" \/><\/a>\n\t\t\t<\/dt><\/dl><dl class='gallery-item'>\n\t\t\t<dt class='gallery-icon landscape'>\n\t\t\t\t<a href='https:\/\/paris.pan.pl\/wp-content\/uploads\/2023\/09\/IMG_0969-scaled.jpg'><img loading=\"lazy\" decoding=\"async\" width=\"150\" height=\"150\" src=\"https:\/\/paris.pan.pl\/wp-content\/uploads\/2023\/09\/IMG_0969-150x150.jpg\" class=\"attachment-thumbnail size-thumbnail\" alt=\"\" srcset=\"https:\/\/paris.pan.pl\/wp-content\/uploads\/2023\/09\/IMG_0969-150x150.jpg 150w, https:\/\/paris.pan.pl\/wp-content\/uploads\/2023\/09\/IMG_0969-300x300.jpg 300w, https:\/\/paris.pan.pl\/wp-content\/uploads\/2023\/09\/IMG_0969-440x440.jpg 440w\" sizes=\"auto, (max-width: 150px) 100vw, 150px\" \/><\/a>\n\t\t\t<\/dt><\/dl><br style=\"clear: both\" \/>\n\t\t<\/div>\n\n<p>&nbsp;<\/p>\n<p>&nbsp;<\/p>\n","protected":false},"excerpt":{"rendered":"<p>Le 21 septembre, une conf\u00e9rence interdisciplinaire s&rsquo;est tenue \u00e0 la Station scientifique de l&rsquo;Acad\u00e9mie polonaise des sciences \u00e0 Paris. Cet \u00e9v\u00e9nement est le fruit d&rsquo;une collaboration entre l&rsquo;Institut polonais d&rsquo;\u00e9tudes des arts du monde, l&rsquo;Acad\u00e9mie polonaise des sciences, la Station scientifique de Paris, Saprat (Savoirs et pratiques du Moyen \u00c2ge \u00e0 l&rsquo;\u00e9poque contemporaine) et l&rsquo;\u00c9cole [&hellip;]<\/p>\n","protected":false},"author":64,"featured_media":15085,"comment_status":"closed","ping_status":"closed","sticky":false,"template":"","format":"standard","meta":{"_acf_changed":false,"_et_pb_use_builder":"","_et_pb_old_content":"","_et_gb_content_width":"","footnotes":""},"categories":[19],"tags":[],"class_list":["post-15135","post","type-post","status-publish","format-standard","has-post-thumbnail","hentry","category-temoignages","et-has-post-format-content","et_post_format-et-post-format-standard"],"acf":[],"_links":{"self":[{"href":"https:\/\/paris.pan.pl\/fr\/wp-json\/wp\/v2\/posts\/15135","targetHints":{"allow":["GET"]}}],"collection":[{"href":"https:\/\/paris.pan.pl\/fr\/wp-json\/wp\/v2\/posts"}],"about":[{"href":"https:\/\/paris.pan.pl\/fr\/wp-json\/wp\/v2\/types\/post"}],"author":[{"embeddable":true,"href":"https:\/\/paris.pan.pl\/fr\/wp-json\/wp\/v2\/users\/64"}],"replies":[{"embeddable":true,"href":"https:\/\/paris.pan.pl\/fr\/wp-json\/wp\/v2\/comments?post=15135"}],"version-history":[{"count":0,"href":"https:\/\/paris.pan.pl\/fr\/wp-json\/wp\/v2\/posts\/15135\/revisions"}],"wp:featuredmedia":[{"embeddable":true,"href":"https:\/\/paris.pan.pl\/fr\/wp-json\/wp\/v2\/media\/15085"}],"wp:attachment":[{"href":"https:\/\/paris.pan.pl\/fr\/wp-json\/wp\/v2\/media?parent=15135"}],"wp:term":[{"taxonomy":"category","embeddable":true,"href":"https:\/\/paris.pan.pl\/fr\/wp-json\/wp\/v2\/categories?post=15135"},{"taxonomy":"post_tag","embeddable":true,"href":"https:\/\/paris.pan.pl\/fr\/wp-json\/wp\/v2\/tags?post=15135"}],"curies":[{"name":"wp","href":"https:\/\/api.w.org\/{rel}","templated":true}]}}