{"id":15268,"date":"2023-10-14T15:28:03","date_gmt":"2023-10-14T15:28:03","guid":{"rendered":"https:\/\/paris.pan.pl\/?p=15268"},"modified":"2023-11-10T15:28:21","modified_gmt":"2023-11-10T15:28:21","slug":"vieillissement-du-cerveau-neurodegenerescence-et-role-des-molecules-naturelles-dans-le-maintien-de-la-sante-cerebrale","status":"publish","type":"post","link":"https:\/\/paris.pan.pl\/fr\/vieillissement-du-cerveau-neurodegenerescence-et-role-des-molecules-naturelles-dans-le-maintien-de-la-sante-cerebrale\/","title":{"rendered":"Vieillissement du cerveau, neurod\u00e9g\u00e9n\u00e9rescence et r\u00f4le des mol\u00e9cules naturelles dans le maintien de la sant\u00e9 c\u00e9r\u00e9brale."},"content":{"rendered":"<p>Du 11 au 13 octobre, la conf\u00e9rence internationale \u00ab\u00a0Brain ageing, neurodegeneration and the role of natural molecules in maintaining brain health\u00a0\u00bb s&rsquo;est tenue \u00e0 la Station Scientifique de l&rsquo;Acad\u00e9mie Polonaise des Sciences \u00e0 Paris. L&rsquo;\u00e9v\u00e9nement \u00e9tait co-organis\u00e9 par l&rsquo;Universit\u00e9 M\u00e9dicale Karol Marcinkowski Pozna\u0144 \u00e0 Pozna\u0144, l&rsquo;Universit\u00e9 de Bordeaux et l&rsquo;Institut Jerzy May de pharmacologie de APS.<\/p>\n<p>La station a accueilli d&rsquo;\u00e9minents scientifiques de toute l&rsquo;Europe qui ont partag\u00e9 leurs exp\u00e9riences et leurs r\u00e9sultats de recherche, notamment sur l&rsquo;action de l&rsquo;axe cerveau-intestin, le r\u00f4le neuroprotecteur des substances phytochimiques et de leurs m\u00e9tabolites, le r\u00f4le de l&rsquo;urolithine A, l&rsquo;impact de la nutrition sur le cerveau et le r\u00f4le des nanocarriers pour l&rsquo;administration efficace de produits nutraceutiques au cerveau. Une plateforme d&rsquo;\u00e9change d&rsquo;id\u00e9es a ainsi \u00e9t\u00e9 cr\u00e9\u00e9e, qui, nous l&rsquo;esp\u00e9rons, contribuera au d\u00e9veloppement de th\u00e9rapies neuroprotectrices efficaces. Ceci est particuli\u00e8rement important pour la pr\u00e9vention des maladies neurod\u00e9gradatives, qui sont d\u00e9j\u00e0 devenues des maladies de civilisation.<\/p>\n<p>&nbsp;<\/p>\n<p>Date de l&rsquo;\u00e9v\u00e9nement : 13-15 octobre 2023<\/p>\n<p>Lieu de l&rsquo;\u00e9v\u00e9nement : Centre scientifique de l&rsquo;Acad\u00e9mie polonaise des sciences \u00e0 Paris (74, rue Lauriston)<\/p>\n<p>&nbsp;<\/p>\n<p><strong>Comit\u00e9 d&rsquo;organisation :<\/strong><\/p>\n<p>Ma\u0142gorzata Kujawska, docteur en m\u00e9decine, Universit\u00e9 m\u00e9dicale Karol Marcinkowski \u00e0 Pozna\u0144<\/p>\n<p>Grzegorz Kreiner, PhD, Institut de pharmacologie de l&rsquo;universit\u00e9 Jerzy Maj APS<\/p>\n<p>Anna Olczak, Acad\u00e9mie Polonaise des Sciences, Station Scientifique \u00e0 Paris<\/p>\n<p>&nbsp;<\/p>\n\n\t\t<style type=\"text\/css\">\n\t\t\t#gallery-1 {\n\t\t\t\tmargin: auto;\n\t\t\t}\n\t\t\t#gallery-1 .gallery-item {\n\t\t\t\tfloat: left;\n\t\t\t\tmargin-top: 10px;\n\t\t\t\ttext-align: center;\n\t\t\t\twidth: 33%;\n\t\t\t}\n\t\t\t#gallery-1 img {\n\t\t\t\tborder: 2px solid #cfcfcf;\n\t\t\t}\n\t\t\t#gallery-1 .gallery-caption {\n\t\t\t\tmargin-left: 0;\n\t\t\t}\n\t\t\t\/* see gallery_shortcode() in wp-includes\/media.php *\/\n\t\t<\/style>\n\t\t<div id='gallery-1' class='gallery galleryid-15268 gallery-columns-3 gallery-size-thumbnail'><dl class='gallery-item'>\n\t\t\t<dt class='gallery-icon landscape'>\n\t\t\t\t<a href='https:\/\/paris.pan.pl\/wp-content\/uploads\/2023\/11\/IMG_1895-scaled.jpg'><img loading=\"lazy\" decoding=\"async\" width=\"150\" height=\"150\" src=\"https:\/\/paris.pan.pl\/wp-content\/uploads\/2023\/11\/IMG_1895-150x150.jpg\" class=\"attachment-thumbnail size-thumbnail\" alt=\"\" srcset=\"https:\/\/paris.pan.pl\/wp-content\/uploads\/2023\/11\/IMG_1895-150x150.jpg 150w, https:\/\/paris.pan.pl\/wp-content\/uploads\/2023\/11\/IMG_1895-300x300.jpg 300w, https:\/\/paris.pan.pl\/wp-content\/uploads\/2023\/11\/IMG_1895-440x440.jpg 440w\" sizes=\"auto, (max-width: 150px) 100vw, 150px\" \/><\/a>\n\t\t\t<\/dt><\/dl><dl class='gallery-item'>\n\t\t\t<dt class='gallery-icon landscape'>\n\t\t\t\t<a href='https:\/\/paris.pan.pl\/wp-content\/uploads\/2023\/11\/IMG_1801-scaled.jpg'><img loading=\"lazy\" decoding=\"async\" width=\"150\" height=\"150\" src=\"https:\/\/paris.pan.pl\/wp-content\/uploads\/2023\/11\/IMG_1801-150x150.jpg\" class=\"attachment-thumbnail size-thumbnail\" alt=\"\" srcset=\"https:\/\/paris.pan.pl\/wp-content\/uploads\/2023\/11\/IMG_1801-150x150.jpg 150w, https:\/\/paris.pan.pl\/wp-content\/uploads\/2023\/11\/IMG_1801-300x300.jpg 300w, https:\/\/paris.pan.pl\/wp-content\/uploads\/2023\/11\/IMG_1801-440x440.jpg 440w\" sizes=\"auto, (max-width: 150px) 100vw, 150px\" \/><\/a>\n\t\t\t<\/dt><\/dl><dl class='gallery-item'>\n\t\t\t<dt class='gallery-icon landscape'>\n\t\t\t\t<a href='https:\/\/paris.pan.pl\/wp-content\/uploads\/2023\/11\/IMG_1793-scaled.jpg'><img loading=\"lazy\" decoding=\"async\" width=\"150\" height=\"150\" src=\"https:\/\/paris.pan.pl\/wp-content\/uploads\/2023\/11\/IMG_1793-150x150.jpg\" class=\"attachment-thumbnail size-thumbnail\" alt=\"\" srcset=\"https:\/\/paris.pan.pl\/wp-content\/uploads\/2023\/11\/IMG_1793-150x150.jpg 150w, https:\/\/paris.pan.pl\/wp-content\/uploads\/2023\/11\/IMG_1793-300x300.jpg 300w, https:\/\/paris.pan.pl\/wp-content\/uploads\/2023\/11\/IMG_1793-440x440.jpg 440w\" sizes=\"auto, (max-width: 150px) 100vw, 150px\" \/><\/a>\n\t\t\t<\/dt><\/dl><br style=\"clear: both\" \/><dl class='gallery-item'>\n\t\t\t<dt class='gallery-icon landscape'>\n\t\t\t\t<a href='https:\/\/paris.pan.pl\/wp-content\/uploads\/2023\/11\/IMG_1786-1-scaled.jpg'><img loading=\"lazy\" decoding=\"async\" width=\"150\" height=\"150\" src=\"https:\/\/paris.pan.pl\/wp-content\/uploads\/2023\/11\/IMG_1786-1-150x150.jpg\" class=\"attachment-thumbnail size-thumbnail\" alt=\"\" srcset=\"https:\/\/paris.pan.pl\/wp-content\/uploads\/2023\/11\/IMG_1786-1-150x150.jpg 150w, https:\/\/paris.pan.pl\/wp-content\/uploads\/2023\/11\/IMG_1786-1-300x300.jpg 300w, https:\/\/paris.pan.pl\/wp-content\/uploads\/2023\/11\/IMG_1786-1-440x440.jpg 440w\" sizes=\"auto, (max-width: 150px) 100vw, 150px\" \/><\/a>\n\t\t\t<\/dt><\/dl><dl class='gallery-item'>\n\t\t\t<dt class='gallery-icon landscape'>\n\t\t\t\t<a href='https:\/\/paris.pan.pl\/wp-content\/uploads\/2023\/11\/IMG_1712-scaled.jpg'><img loading=\"lazy\" decoding=\"async\" width=\"150\" height=\"150\" src=\"https:\/\/paris.pan.pl\/wp-content\/uploads\/2023\/11\/IMG_1712-150x150.jpg\" class=\"attachment-thumbnail size-thumbnail\" alt=\"\" srcset=\"https:\/\/paris.pan.pl\/wp-content\/uploads\/2023\/11\/IMG_1712-150x150.jpg 150w, https:\/\/paris.pan.pl\/wp-content\/uploads\/2023\/11\/IMG_1712-300x300.jpg 300w, https:\/\/paris.pan.pl\/wp-content\/uploads\/2023\/11\/IMG_1712-440x440.jpg 440w\" sizes=\"auto, (max-width: 150px) 100vw, 150px\" \/><\/a>\n\t\t\t<\/dt><\/dl><dl class='gallery-item'>\n\t\t\t<dt class='gallery-icon landscape'>\n\t\t\t\t<a href='https:\/\/paris.pan.pl\/wp-content\/uploads\/2023\/11\/IMG_1613-scaled.jpg'><img loading=\"lazy\" decoding=\"async\" width=\"150\" height=\"150\" src=\"https:\/\/paris.pan.pl\/wp-content\/uploads\/2023\/11\/IMG_1613-150x150.jpg\" class=\"attachment-thumbnail size-thumbnail\" alt=\"\" srcset=\"https:\/\/paris.pan.pl\/wp-content\/uploads\/2023\/11\/IMG_1613-150x150.jpg 150w, https:\/\/paris.pan.pl\/wp-content\/uploads\/2023\/11\/IMG_1613-300x300.jpg 300w, https:\/\/paris.pan.pl\/wp-content\/uploads\/2023\/11\/IMG_1613-440x440.jpg 440w\" sizes=\"auto, (max-width: 150px) 100vw, 150px\" \/><\/a>\n\t\t\t<\/dt><\/dl><br style=\"clear: both\" \/><dl class='gallery-item'>\n\t\t\t<dt class='gallery-icon landscape'>\n\t\t\t\t<a href='https:\/\/paris.pan.pl\/wp-content\/uploads\/2023\/11\/IMG_1545-scaled.jpg'><img loading=\"lazy\" decoding=\"async\" width=\"150\" height=\"150\" src=\"https:\/\/paris.pan.pl\/wp-content\/uploads\/2023\/11\/IMG_1545-150x150.jpg\" class=\"attachment-thumbnail size-thumbnail\" alt=\"\" srcset=\"https:\/\/paris.pan.pl\/wp-content\/uploads\/2023\/11\/IMG_1545-150x150.jpg 150w, https:\/\/paris.pan.pl\/wp-content\/uploads\/2023\/11\/IMG_1545-300x300.jpg 300w, https:\/\/paris.pan.pl\/wp-content\/uploads\/2023\/11\/IMG_1545-440x440.jpg 440w\" sizes=\"auto, (max-width: 150px) 100vw, 150px\" \/><\/a>\n\t\t\t<\/dt><\/dl><dl class='gallery-item'>\n\t\t\t<dt class='gallery-icon landscape'>\n\t\t\t\t<a href='https:\/\/paris.pan.pl\/wp-content\/uploads\/2023\/11\/IMG_1479-scaled.jpg'><img loading=\"lazy\" decoding=\"async\" width=\"150\" height=\"150\" src=\"https:\/\/paris.pan.pl\/wp-content\/uploads\/2023\/11\/IMG_1479-150x150.jpg\" class=\"attachment-thumbnail size-thumbnail\" alt=\"\" srcset=\"https:\/\/paris.pan.pl\/wp-content\/uploads\/2023\/11\/IMG_1479-150x150.jpg 150w, https:\/\/paris.pan.pl\/wp-content\/uploads\/2023\/11\/IMG_1479-300x300.jpg 300w, https:\/\/paris.pan.pl\/wp-content\/uploads\/2023\/11\/IMG_1479-440x440.jpg 440w\" sizes=\"auto, (max-width: 150px) 100vw, 150px\" \/><\/a>\n\t\t\t<\/dt><\/dl><dl class='gallery-item'>\n\t\t\t<dt class='gallery-icon landscape'>\n\t\t\t\t<a href='https:\/\/paris.pan.pl\/wp-content\/uploads\/2023\/11\/IMG_1432-scaled.jpg'><img loading=\"lazy\" decoding=\"async\" width=\"150\" height=\"150\" src=\"https:\/\/paris.pan.pl\/wp-content\/uploads\/2023\/11\/IMG_1432-150x150.jpg\" class=\"attachment-thumbnail size-thumbnail\" alt=\"\" srcset=\"https:\/\/paris.pan.pl\/wp-content\/uploads\/2023\/11\/IMG_1432-150x150.jpg 150w, https:\/\/paris.pan.pl\/wp-content\/uploads\/2023\/11\/IMG_1432-300x300.jpg 300w, https:\/\/paris.pan.pl\/wp-content\/uploads\/2023\/11\/IMG_1432-440x440.jpg 440w\" sizes=\"auto, (max-width: 150px) 100vw, 150px\" \/><\/a>\n\t\t\t<\/dt><\/dl><br style=\"clear: both\" \/><dl class='gallery-item'>\n\t\t\t<dt class='gallery-icon landscape'>\n\t\t\t\t<a href='https:\/\/paris.pan.pl\/wp-content\/uploads\/2023\/11\/IMG_1428-scaled.jpg'><img loading=\"lazy\" decoding=\"async\" width=\"150\" height=\"150\" src=\"https:\/\/paris.pan.pl\/wp-content\/uploads\/2023\/11\/IMG_1428-150x150.jpg\" class=\"attachment-thumbnail size-thumbnail\" alt=\"\" srcset=\"https:\/\/paris.pan.pl\/wp-content\/uploads\/2023\/11\/IMG_1428-150x150.jpg 150w, https:\/\/paris.pan.pl\/wp-content\/uploads\/2023\/11\/IMG_1428-300x300.jpg 300w, https:\/\/paris.pan.pl\/wp-content\/uploads\/2023\/11\/IMG_1428-440x440.jpg 440w\" sizes=\"auto, (max-width: 150px) 100vw, 150px\" \/><\/a>\n\t\t\t<\/dt><\/dl><dl class='gallery-item'>\n\t\t\t<dt class='gallery-icon landscape'>\n\t\t\t\t<a href='https:\/\/paris.pan.pl\/wp-content\/uploads\/2023\/11\/IMG_1374-scaled.jpg'><img loading=\"lazy\" decoding=\"async\" width=\"150\" height=\"150\" src=\"https:\/\/paris.pan.pl\/wp-content\/uploads\/2023\/11\/IMG_1374-150x150.jpg\" class=\"attachment-thumbnail size-thumbnail\" alt=\"\" srcset=\"https:\/\/paris.pan.pl\/wp-content\/uploads\/2023\/11\/IMG_1374-150x150.jpg 150w, https:\/\/paris.pan.pl\/wp-content\/uploads\/2023\/11\/IMG_1374-300x300.jpg 300w, https:\/\/paris.pan.pl\/wp-content\/uploads\/2023\/11\/IMG_1374-440x440.jpg 440w\" sizes=\"auto, (max-width: 150px) 100vw, 150px\" \/><\/a>\n\t\t\t<\/dt><\/dl><dl class='gallery-item'>\n\t\t\t<dt class='gallery-icon landscape'>\n\t\t\t\t<a href='https:\/\/paris.pan.pl\/wp-content\/uploads\/2023\/11\/IMG_1341-scaled.jpg'><img loading=\"lazy\" decoding=\"async\" width=\"150\" height=\"150\" src=\"https:\/\/paris.pan.pl\/wp-content\/uploads\/2023\/11\/IMG_1341-150x150.jpg\" class=\"attachment-thumbnail size-thumbnail\" alt=\"\" srcset=\"https:\/\/paris.pan.pl\/wp-content\/uploads\/2023\/11\/IMG_1341-150x150.jpg 150w, https:\/\/paris.pan.pl\/wp-content\/uploads\/2023\/11\/IMG_1341-300x300.jpg 300w, https:\/\/paris.pan.pl\/wp-content\/uploads\/2023\/11\/IMG_1341-440x440.jpg 440w\" sizes=\"auto, (max-width: 150px) 100vw, 150px\" \/><\/a>\n\t\t\t<\/dt><\/dl><br style=\"clear: both\" \/>\n\t\t<\/div>\n\n","protected":false},"excerpt":{"rendered":"<p>Du 11 au 13 octobre, la conf\u00e9rence internationale \u00ab\u00a0Brain ageing, neurodegeneration and the role of natural molecules in maintaining brain health\u00a0\u00bb s&rsquo;est tenue \u00e0 la Station Scientifique de l&rsquo;Acad\u00e9mie Polonaise des Sciences \u00e0 Paris. L&rsquo;\u00e9v\u00e9nement \u00e9tait co-organis\u00e9 par l&rsquo;Universit\u00e9 M\u00e9dicale Karol Marcinkowski Pozna\u0144 \u00e0 Pozna\u0144, l&rsquo;Universit\u00e9 de Bordeaux et l&rsquo;Institut Jerzy May de pharmacologie de [&hellip;]<\/p>\n","protected":false},"author":64,"featured_media":15279,"comment_status":"closed","ping_status":"closed","sticky":false,"template":"","format":"standard","meta":{"_acf_changed":false,"_et_pb_use_builder":"","_et_pb_old_content":"","_et_gb_content_width":"","footnotes":""},"categories":[17,19],"tags":[],"class_list":["post-15268","post","type-post","status-publish","format-standard","has-post-thumbnail","hentry","category-actualites","category-temoignages","et-has-post-format-content","et_post_format-et-post-format-standard"],"acf":[],"_links":{"self":[{"href":"https:\/\/paris.pan.pl\/fr\/wp-json\/wp\/v2\/posts\/15268","targetHints":{"allow":["GET"]}}],"collection":[{"href":"https:\/\/paris.pan.pl\/fr\/wp-json\/wp\/v2\/posts"}],"about":[{"href":"https:\/\/paris.pan.pl\/fr\/wp-json\/wp\/v2\/types\/post"}],"author":[{"embeddable":true,"href":"https:\/\/paris.pan.pl\/fr\/wp-json\/wp\/v2\/users\/64"}],"replies":[{"embeddable":true,"href":"https:\/\/paris.pan.pl\/fr\/wp-json\/wp\/v2\/comments?post=15268"}],"version-history":[{"count":0,"href":"https:\/\/paris.pan.pl\/fr\/wp-json\/wp\/v2\/posts\/15268\/revisions"}],"wp:featuredmedia":[{"embeddable":true,"href":"https:\/\/paris.pan.pl\/fr\/wp-json\/wp\/v2\/media\/15279"}],"wp:attachment":[{"href":"https:\/\/paris.pan.pl\/fr\/wp-json\/wp\/v2\/media?parent=15268"}],"wp:term":[{"taxonomy":"category","embeddable":true,"href":"https:\/\/paris.pan.pl\/fr\/wp-json\/wp\/v2\/categories?post=15268"},{"taxonomy":"post_tag","embeddable":true,"href":"https:\/\/paris.pan.pl\/fr\/wp-json\/wp\/v2\/tags?post=15268"}],"curies":[{"name":"wp","href":"https:\/\/api.w.org\/{rel}","templated":true}]}}