{"id":16086,"date":"2024-01-31T08:58:59","date_gmt":"2024-01-31T08:58:59","guid":{"rendered":"https:\/\/paris.pan.pl\/?p=16086"},"modified":"2024-01-31T08:58:59","modified_gmt":"2024-01-31T08:58:59","slug":"letude-des-prix-de-marche-avec-la-possibilite-dattribuer-le-contrat-pour-le-service-de-nettoyage-des-locaux-de-lacademie-polonaise-des-sciences-centre-scientifique-a-paris-2","status":"publish","type":"post","link":"https:\/\/paris.pan.pl\/fr\/letude-des-prix-de-marche-avec-la-possibilite-dattribuer-le-contrat-pour-le-service-de-nettoyage-des-locaux-de-lacademie-polonaise-des-sciences-centre-scientifique-a-paris-2\/","title":{"rendered":"L\u2019\u00e9tude des prix de march\u00e9 avec la possibilit\u00e9 d\u2019attribuer le contrat pour le service de nettoyage des locaux de l\u2019Acad\u00e9mie Polonaise des Sciences Centre Scientifique \u00e0 Paris"},"content":{"rendered":"<p><a href=\"https:\/\/paris.pan.pl\/wp-content\/uploads\/2024\/01\/2024_01_30_Invitation-a-soumettre-une-offre.odt\">Invitation \u00e0 soumettre une offre<\/a><\/p>\n<p><a href=\"https:\/\/paris.pan.pl\/wp-content\/uploads\/2024\/01\/2024_01_30_Piece-jointe-n\u00b0-1-a-lInvitation.docx\">Pi\u00e8ce jointe n\u00b0 1 \u00e0 l\u2019Invitation<\/a><\/p>\n<p><a href=\"https:\/\/paris.pan.pl\/wp-content\/uploads\/2024\/01\/2024_01_30_Piece-jointe-n\u00b0-2-a-lInvitation.docx\">Pi\u00e8ce jointe n\u00b0 2 \u00e0 l\u2019Invitation<\/a><\/p>\n","protected":false},"excerpt":{"rendered":"<p>Invitation \u00e0 soumettre une offre Pi\u00e8ce jointe n\u00b0 1 \u00e0 l\u2019Invitation Pi\u00e8ce jointe n\u00b0 2 \u00e0 l\u2019Invitation<\/p>\n","protected":false},"author":64,"featured_media":0,"comment_status":"closed","ping_status":"closed","sticky":false,"template":"","format":"standard","meta":{"_acf_changed":false,"_et_pb_use_builder":"","_et_pb_old_content":"","_et_gb_content_width":"","footnotes":""},"categories":[17,118],"tags":[],"class_list":["post-16086","post","type-post","status-publish","format-standard","hentry","category-actualites","category-annonces","et-doesnt-have-format-content","et_post_format-et-post-format-standard"],"acf":[],"_links":{"self":[{"href":"https:\/\/paris.pan.pl\/fr\/wp-json\/wp\/v2\/posts\/16086","targetHints":{"allow":["GET"]}}],"collection":[{"href":"https:\/\/paris.pan.pl\/fr\/wp-json\/wp\/v2\/posts"}],"about":[{"href":"https:\/\/paris.pan.pl\/fr\/wp-json\/wp\/v2\/types\/post"}],"author":[{"embeddable":true,"href":"https:\/\/paris.pan.pl\/fr\/wp-json\/wp\/v2\/users\/64"}],"replies":[{"embeddable":true,"href":"https:\/\/paris.pan.pl\/fr\/wp-json\/wp\/v2\/comments?post=16086"}],"version-history":[{"count":0,"href":"https:\/\/paris.pan.pl\/fr\/wp-json\/wp\/v2\/posts\/16086\/revisions"}],"wp:attachment":[{"href":"https:\/\/paris.pan.pl\/fr\/wp-json\/wp\/v2\/media?parent=16086"}],"wp:term":[{"taxonomy":"category","embeddable":true,"href":"https:\/\/paris.pan.pl\/fr\/wp-json\/wp\/v2\/categories?post=16086"},{"taxonomy":"post_tag","embeddable":true,"href":"https:\/\/paris.pan.pl\/fr\/wp-json\/wp\/v2\/tags?post=16086"}],"curies":[{"name":"wp","href":"https:\/\/api.w.org\/{rel}","templated":true}]}}