{"id":17451,"date":"2024-11-15T09:54:57","date_gmt":"2024-11-15T09:54:57","guid":{"rendered":"https:\/\/paris.pan.pl\/?p=17451"},"modified":"2024-11-15T09:57:40","modified_gmt":"2024-11-15T09:57:40","slug":"resume-de-la-conference-herstory-polono-francaise-la-redecouverte-du-passe-oublie-des-femmes","status":"publish","type":"post","link":"https:\/\/paris.pan.pl\/fr\/resume-de-la-conference-herstory-polono-francaise-la-redecouverte-du-passe-oublie-des-femmes\/","title":{"rendered":"R\u00e9sum\u00e9 de la conf\u00e9rence \u00ab Herstory polono-fran\u00e7aise: La red\u00e9couverte du pass\u00e9 oubli\u00e9 des femmes \u00bb"},"content":{"rendered":"<p>Un concert de piano donn\u00e9 par Fr\u00e9d\u00e9ric Vaysse-Knitter a eu lieu le mercredi 30 octobre en soir\u00e9e \u00e0 l\u2019Acad\u00e9mie Polonaise des Sciences Centre Scientifique \u00e0 Paris. Le concert s\u2019est inspir\u00e9 de figures f\u00e9minines.<\/p>\n<p>Cet \u00e9v\u00e9nement s\u2019inscrit dans le cadre du projet \u00ab Herstory polono-fran\u00e7aise : La red\u00e9couverte du pass\u00e9 oubli\u00e9 des femmes \u00bb, initi\u00e9 en septembre 2024 par l\u2019Association D\u00e9fense de la d\u00e9mocratie en Pologne (ADDP) et cofinanc\u00e9 par le S\u00e9nat polonais pour soutenir les Polonais vivant \u00e0 l\u2019\u00e9tranger en 2024. L\u2019objectif du projet est de faire revivre les histoires oubli\u00e9es de femmes inspirantes.<\/p>\n<p>L\u2019Acad\u00e9mie Polonaise des Sciences Centre Scientifique \u00e0 Paris \u00e9tait partenaire de l\u2019\u00e9v\u00e9nement.<\/p>\n<p>Nous tenons \u00e0 remercier toutes les personnes qui ont particip\u00e9 \u00e0 cet \u00e9v\u00e9nement. Nous remercions tout particuli\u00e8rement M. Fr\u00e9d\u00e9ric Vaysse-Knitter pour son merveilleux concert et les repr\u00e9sentants de l\u2019Association de d\u00e9fense de la d\u00e9mocratie en Pologne pour l\u2019int\u00e9r\u00eat qu\u2019ils ont port\u00e9 \u00e0 l\u2019organisation de cet \u00e9v\u00e9nement \u00e0 l\u2019Acad\u00e9mie Polonaise des Sciences Centre Scientifique \u00e0 Paris, ainsi que pour leur collaboration.<\/p>\n<p>&nbsp;<\/p>\n\n\t\t<style type=\"text\/css\">\n\t\t\t#gallery-1 {\n\t\t\t\tmargin: auto;\n\t\t\t}\n\t\t\t#gallery-1 .gallery-item {\n\t\t\t\tfloat: left;\n\t\t\t\tmargin-top: 10px;\n\t\t\t\ttext-align: center;\n\t\t\t\twidth: 20%;\n\t\t\t}\n\t\t\t#gallery-1 img {\n\t\t\t\tborder: 2px solid #cfcfcf;\n\t\t\t}\n\t\t\t#gallery-1 .gallery-caption {\n\t\t\t\tmargin-left: 0;\n\t\t\t}\n\t\t\t\/* see gallery_shortcode() in wp-includes\/media.php *\/\n\t\t<\/style>\n\t\t<div id='gallery-1' class='gallery galleryid-17451 gallery-columns-5 gallery-size-large'><dl class='gallery-item'>\n\t\t\t<dt class='gallery-icon landscape'>\n\t\t\t\t<a href='https:\/\/paris.pan.pl\/wp-content\/uploads\/2024\/11\/Projekt-bez-nazwy-3.png'><img loading=\"lazy\" decoding=\"async\" width=\"1024\" height=\"1024\" src=\"https:\/\/paris.pan.pl\/wp-content\/uploads\/2024\/11\/Projekt-bez-nazwy-3-1024x1024.png\" class=\"attachment-large size-large\" alt=\"\" srcset=\"https:\/\/paris.pan.pl\/wp-content\/uploads\/2024\/11\/Projekt-bez-nazwy-3-1024x1024.png 1024w, https:\/\/paris.pan.pl\/wp-content\/uploads\/2024\/11\/Projekt-bez-nazwy-3-300x300.png 300w, https:\/\/paris.pan.pl\/wp-content\/uploads\/2024\/11\/Projekt-bez-nazwy-3-150x150.png 150w, https:\/\/paris.pan.pl\/wp-content\/uploads\/2024\/11\/Projekt-bez-nazwy-3-768x768.png 768w, https:\/\/paris.pan.pl\/wp-content\/uploads\/2024\/11\/Projekt-bez-nazwy-3-1536x1536.png 1536w, https:\/\/paris.pan.pl\/wp-content\/uploads\/2024\/11\/Projekt-bez-nazwy-3-2048x2048.png 2048w, https:\/\/paris.pan.pl\/wp-content\/uploads\/2024\/11\/Projekt-bez-nazwy-3-406x406.png 406w, https:\/\/paris.pan.pl\/wp-content\/uploads\/2024\/11\/Projekt-bez-nazwy-3-1080x1080.png 1080w, https:\/\/paris.pan.pl\/wp-content\/uploads\/2024\/11\/Projekt-bez-nazwy-3-440x440.png 440w\" sizes=\"auto, (max-width: 1024px) 100vw, 1024px\" \/><\/a>\n\t\t\t<\/dt><\/dl><dl class='gallery-item'>\n\t\t\t<dt class='gallery-icon landscape'>\n\t\t\t\t<a href='https:\/\/paris.pan.pl\/wp-content\/uploads\/2024\/11\/Projekt-bez-nazwy-4.png'><img loading=\"lazy\" decoding=\"async\" width=\"1024\" height=\"1024\" src=\"https:\/\/paris.pan.pl\/wp-content\/uploads\/2024\/11\/Projekt-bez-nazwy-4-1024x1024.png\" class=\"attachment-large size-large\" alt=\"\" srcset=\"https:\/\/paris.pan.pl\/wp-content\/uploads\/2024\/11\/Projekt-bez-nazwy-4-1024x1024.png 1024w, https:\/\/paris.pan.pl\/wp-content\/uploads\/2024\/11\/Projekt-bez-nazwy-4-300x300.png 300w, https:\/\/paris.pan.pl\/wp-content\/uploads\/2024\/11\/Projekt-bez-nazwy-4-150x150.png 150w, https:\/\/paris.pan.pl\/wp-content\/uploads\/2024\/11\/Projekt-bez-nazwy-4-768x768.png 768w, https:\/\/paris.pan.pl\/wp-content\/uploads\/2024\/11\/Projekt-bez-nazwy-4-1536x1536.png 1536w, https:\/\/paris.pan.pl\/wp-content\/uploads\/2024\/11\/Projekt-bez-nazwy-4-2048x2048.png 2048w, https:\/\/paris.pan.pl\/wp-content\/uploads\/2024\/11\/Projekt-bez-nazwy-4-406x406.png 406w, https:\/\/paris.pan.pl\/wp-content\/uploads\/2024\/11\/Projekt-bez-nazwy-4-1080x1080.png 1080w, https:\/\/paris.pan.pl\/wp-content\/uploads\/2024\/11\/Projekt-bez-nazwy-4-440x440.png 440w\" sizes=\"auto, (max-width: 1024px) 100vw, 1024px\" \/><\/a>\n\t\t\t<\/dt><\/dl><dl class='gallery-item'>\n\t\t\t<dt class='gallery-icon landscape'>\n\t\t\t\t<a href='https:\/\/paris.pan.pl\/wp-content\/uploads\/2024\/11\/Projekt-bez-nazwy-5.png'><img loading=\"lazy\" decoding=\"async\" width=\"1024\" height=\"1024\" src=\"https:\/\/paris.pan.pl\/wp-content\/uploads\/2024\/11\/Projekt-bez-nazwy-5-1024x1024.png\" class=\"attachment-large size-large\" alt=\"\" srcset=\"https:\/\/paris.pan.pl\/wp-content\/uploads\/2024\/11\/Projekt-bez-nazwy-5-1024x1024.png 1024w, https:\/\/paris.pan.pl\/wp-content\/uploads\/2024\/11\/Projekt-bez-nazwy-5-300x300.png 300w, https:\/\/paris.pan.pl\/wp-content\/uploads\/2024\/11\/Projekt-bez-nazwy-5-150x150.png 150w, https:\/\/paris.pan.pl\/wp-content\/uploads\/2024\/11\/Projekt-bez-nazwy-5-768x768.png 768w, https:\/\/paris.pan.pl\/wp-content\/uploads\/2024\/11\/Projekt-bez-nazwy-5-1536x1536.png 1536w, https:\/\/paris.pan.pl\/wp-content\/uploads\/2024\/11\/Projekt-bez-nazwy-5-2048x2048.png 2048w, https:\/\/paris.pan.pl\/wp-content\/uploads\/2024\/11\/Projekt-bez-nazwy-5-406x406.png 406w, https:\/\/paris.pan.pl\/wp-content\/uploads\/2024\/11\/Projekt-bez-nazwy-5-1080x1080.png 1080w, https:\/\/paris.pan.pl\/wp-content\/uploads\/2024\/11\/Projekt-bez-nazwy-5-440x440.png 440w\" sizes=\"auto, (max-width: 1024px) 100vw, 1024px\" \/><\/a>\n\t\t\t<\/dt><\/dl><dl class='gallery-item'>\n\t\t\t<dt class='gallery-icon landscape'>\n\t\t\t\t<a href='https:\/\/paris.pan.pl\/wp-content\/uploads\/2024\/11\/Projekt-bez-nazwy-6.png'><img loading=\"lazy\" decoding=\"async\" width=\"1024\" height=\"1024\" src=\"https:\/\/paris.pan.pl\/wp-content\/uploads\/2024\/11\/Projekt-bez-nazwy-6-1024x1024.png\" class=\"attachment-large size-large\" alt=\"\" srcset=\"https:\/\/paris.pan.pl\/wp-content\/uploads\/2024\/11\/Projekt-bez-nazwy-6-1024x1024.png 1024w, https:\/\/paris.pan.pl\/wp-content\/uploads\/2024\/11\/Projekt-bez-nazwy-6-300x300.png 300w, https:\/\/paris.pan.pl\/wp-content\/uploads\/2024\/11\/Projekt-bez-nazwy-6-150x150.png 150w, https:\/\/paris.pan.pl\/wp-content\/uploads\/2024\/11\/Projekt-bez-nazwy-6-768x768.png 768w, https:\/\/paris.pan.pl\/wp-content\/uploads\/2024\/11\/Projekt-bez-nazwy-6-1536x1536.png 1536w, https:\/\/paris.pan.pl\/wp-content\/uploads\/2024\/11\/Projekt-bez-nazwy-6-2048x2048.png 2048w, https:\/\/paris.pan.pl\/wp-content\/uploads\/2024\/11\/Projekt-bez-nazwy-6-406x406.png 406w, https:\/\/paris.pan.pl\/wp-content\/uploads\/2024\/11\/Projekt-bez-nazwy-6-1080x1080.png 1080w, https:\/\/paris.pan.pl\/wp-content\/uploads\/2024\/11\/Projekt-bez-nazwy-6-440x440.png 440w\" sizes=\"auto, (max-width: 1024px) 100vw, 1024px\" \/><\/a>\n\t\t\t<\/dt><\/dl><dl class='gallery-item'>\n\t\t\t<dt class='gallery-icon landscape'>\n\t\t\t\t<a href='https:\/\/paris.pan.pl\/wp-content\/uploads\/2024\/11\/Projekt-bez-nazwy-7.png'><img loading=\"lazy\" decoding=\"async\" width=\"1024\" height=\"1024\" src=\"https:\/\/paris.pan.pl\/wp-content\/uploads\/2024\/11\/Projekt-bez-nazwy-7-1024x1024.png\" class=\"attachment-large size-large\" alt=\"\" srcset=\"https:\/\/paris.pan.pl\/wp-content\/uploads\/2024\/11\/Projekt-bez-nazwy-7-1024x1024.png 1024w, https:\/\/paris.pan.pl\/wp-content\/uploads\/2024\/11\/Projekt-bez-nazwy-7-300x300.png 300w, https:\/\/paris.pan.pl\/wp-content\/uploads\/2024\/11\/Projekt-bez-nazwy-7-150x150.png 150w, https:\/\/paris.pan.pl\/wp-content\/uploads\/2024\/11\/Projekt-bez-nazwy-7-768x768.png 768w, https:\/\/paris.pan.pl\/wp-content\/uploads\/2024\/11\/Projekt-bez-nazwy-7-1536x1536.png 1536w, https:\/\/paris.pan.pl\/wp-content\/uploads\/2024\/11\/Projekt-bez-nazwy-7-2048x2048.png 2048w, https:\/\/paris.pan.pl\/wp-content\/uploads\/2024\/11\/Projekt-bez-nazwy-7-406x406.png 406w, https:\/\/paris.pan.pl\/wp-content\/uploads\/2024\/11\/Projekt-bez-nazwy-7-1080x1080.png 1080w, https:\/\/paris.pan.pl\/wp-content\/uploads\/2024\/11\/Projekt-bez-nazwy-7-440x440.png 440w\" sizes=\"auto, (max-width: 1024px) 100vw, 1024px\" \/><\/a>\n\t\t\t<\/dt><\/dl><br style=\"clear: both\" \/>\n\t\t<\/div>\n\n","protected":false},"excerpt":{"rendered":"<p>Un concert de piano donn\u00e9 par Fr\u00e9d\u00e9ric Vaysse-Knitter a eu lieu le mercredi 30 octobre en soir\u00e9e \u00e0 l\u2019Acad\u00e9mie Polonaise des Sciences Centre Scientifique \u00e0 Paris. Le concert s\u2019est inspir\u00e9 de figures f\u00e9minines. Cet \u00e9v\u00e9nement s\u2019inscrit dans le cadre du projet \u00ab Herstory polono-fran\u00e7aise : La red\u00e9couverte du pass\u00e9 oubli\u00e9 des femmes \u00bb, initi\u00e9 en [&hellip;]<\/p>\n","protected":false},"author":65,"featured_media":17443,"comment_status":"closed","ping_status":"closed","sticky":false,"template":"","format":"standard","meta":{"_acf_changed":false,"_et_pb_use_builder":"","_et_pb_old_content":"","_et_gb_content_width":"","footnotes":""},"categories":[17,19],"tags":[],"class_list":["post-17451","post","type-post","status-publish","format-standard","has-post-thumbnail","hentry","category-actualites","category-temoignages","et-has-post-format-content","et_post_format-et-post-format-standard"],"acf":[],"_links":{"self":[{"href":"https:\/\/paris.pan.pl\/fr\/wp-json\/wp\/v2\/posts\/17451","targetHints":{"allow":["GET"]}}],"collection":[{"href":"https:\/\/paris.pan.pl\/fr\/wp-json\/wp\/v2\/posts"}],"about":[{"href":"https:\/\/paris.pan.pl\/fr\/wp-json\/wp\/v2\/types\/post"}],"author":[{"embeddable":true,"href":"https:\/\/paris.pan.pl\/fr\/wp-json\/wp\/v2\/users\/65"}],"replies":[{"embeddable":true,"href":"https:\/\/paris.pan.pl\/fr\/wp-json\/wp\/v2\/comments?post=17451"}],"version-history":[{"count":0,"href":"https:\/\/paris.pan.pl\/fr\/wp-json\/wp\/v2\/posts\/17451\/revisions"}],"wp:featuredmedia":[{"embeddable":true,"href":"https:\/\/paris.pan.pl\/fr\/wp-json\/wp\/v2\/media\/17443"}],"wp:attachment":[{"href":"https:\/\/paris.pan.pl\/fr\/wp-json\/wp\/v2\/media?parent=17451"}],"wp:term":[{"taxonomy":"category","embeddable":true,"href":"https:\/\/paris.pan.pl\/fr\/wp-json\/wp\/v2\/categories?post=17451"},{"taxonomy":"post_tag","embeddable":true,"href":"https:\/\/paris.pan.pl\/fr\/wp-json\/wp\/v2\/tags?post=17451"}],"curies":[{"name":"wp","href":"https:\/\/api.w.org\/{rel}","templated":true}]}}