{"id":19363,"date":"2025-10-09T14:09:51","date_gmt":"2025-10-09T14:09:51","guid":{"rendered":"https:\/\/paris.pan.pl\/relacja-z-wydarzenia-odnalezc-sily-i-spokoj-pobyty-fryderyka-chopina-w-nohant\/"},"modified":"2025-10-09T14:34:47","modified_gmt":"2025-10-09T14:34:47","slug":"relacja-z-wydarzenia-odnalezc-sily-i-spokoj-pobyty-fryderyka-chopina-w-nohant","status":"publish","type":"post","link":"https:\/\/paris.pan.pl\/fr\/relacja-z-wydarzenia-odnalezc-sily-i-spokoj-pobyty-fryderyka-chopina-w-nohant\/","title":{"rendered":"R\u00e9sum\u00e9 de l&rsquo;\u00e9v\u00e9nement \u00ab\u00a0Trouver la force et l\u2019apaisement \u2013 les s\u00e9jours de Fr\u00e9d\u00e9ric Chopin \u00e0 Nohant\u00a0\u00bb"},"content":{"rendered":"<p style=\"text-align: justify;\">Le 18 septembre 2025, un \u00e9v\u00e9nement consacr\u00e9 \u00e0 Fryderyk Chopin et \u00e0 ses liens avec la maison de George Sand \u00e0 Nohant \u2013 lieu ayant jou\u00e9 un r\u00f4le cl\u00e9 dans la vie personnelle et l\u2019\u0153uvre du compositeur \u2013 s\u2019est tenu au Centre scientifique de l\u2019Acad\u00e9mie Polonaise des Sciences \u00e0 Paris.<\/p>\n<p style=\"text-align: justify;\">L\u2019\u00e9v\u00e9nement a \u00e9t\u00e9 initi\u00e9 par l\u2019<strong>Association des M\u00e9decins d\u2019Origine Polonaise de France (AMOPF)<\/strong> en coop\u00e9ration avec notre Centre scientifique.<\/p>\n<p style=\"text-align: justify;\">La conf\u00e9rence a \u00e9t\u00e9 donn\u00e9e par <strong>Urszula Kr\u00f3l<\/strong> \u2013 conservatrice du patrimoine et commissaire au Mus\u00e9e Fryderyk Chopin \u00e0 Varsovie, sp\u00e9cialiste de l\u2019art du XIXe si\u00e8cle et des relations entre musique, po\u00e9sie et peinture.<\/p>\n<p style=\"text-align: justify;\">La conf\u00e9renci\u00e8re a plong\u00e9 le public dans l\u2019atmosph\u00e8re de Nohant \u2013 un lieu qui est devenu pour Chopin une alternative au foyer familial qui lui manquait tant en France, empreint de soins, de s\u00e9r\u00e9nit\u00e9 et d\u2019inspiration. \u00c0 travers la pr\u00e9sentation d\u2019\u0153uvres d\u2019art et de souvenirs li\u00e9s au compositeur, les participants ont pu d\u00e9couvrir des aspects m\u00e9connus de sa vie et de son \u0153uvre en lien avec ce lieu unique.<\/p>\n<p style=\"text-align: justify;\">La conf\u00e9rence a \u00e9t\u00e9 suivie d\u2019un <strong>r\u00e9cital de piano<\/strong> par <strong>Cyprian Czaban<\/strong>, jeune pianiste originaire de Varsovie, vivant et \u00e9tudiant \u00e0 Paris. L\u2019artiste a interpr\u00e9t\u00e9 des \u0153uvres de Fryderyk Chopin, notamment la Ballade en sol mineur op. 23, la Barcarolle en fa di\u00e8se majeur op. 60, ainsi que des Pr\u00e9ludes choisis de l\u2019opus 28. Ses interpr\u00e9tations, pleines de subtilit\u00e9 et d\u2019\u00e9motion, ont parfaitement refl\u00e9t\u00e9 l\u2019esprit romantique de la soir\u00e9e d\u00e9di\u00e9e \u00e0 l\u2019h\u00e9ritage musical de Chopin.<\/p>\n<p style=\"text-align: justify;\">L\u2019\u00e9v\u00e9nement a suscit\u00e9 un vif int\u00e9r\u00eat et a offert une occasion unique d\u2019en apprendre davantage sur la vie du compositeur et d\u2019\u00e9couter sa musique interpr\u00e9t\u00e9e par un jeune artiste talentueux. Merci \u00e0 Urszula Kr\u00f3l et \u00e0 Cyprian Czaban pour cette soir\u00e9e inoubliable !<\/p>\n\n\t\t<style type=\"text\/css\">\n\t\t\t#gallery-1 {\n\t\t\t\tmargin: auto;\n\t\t\t}\n\t\t\t#gallery-1 .gallery-item {\n\t\t\t\tfloat: left;\n\t\t\t\tmargin-top: 10px;\n\t\t\t\ttext-align: center;\n\t\t\t\twidth: 25%;\n\t\t\t}\n\t\t\t#gallery-1 img {\n\t\t\t\tborder: 2px solid #cfcfcf;\n\t\t\t}\n\t\t\t#gallery-1 .gallery-caption {\n\t\t\t\tmargin-left: 0;\n\t\t\t}\n\t\t\t\/* see gallery_shortcode() in wp-includes\/media.php *\/\n\t\t<\/style>\n\t\t<div id='gallery-1' class='gallery galleryid-19363 gallery-columns-4 gallery-size-medium'><dl class='gallery-item'>\n\t\t\t<dt class='gallery-icon landscape'>\n\t\t\t\t<a href='https:\/\/paris.pan.pl\/wp-content\/uploads\/2025\/10\/IMG_4264-scaled.jpg'><img loading=\"lazy\" decoding=\"async\" width=\"300\" height=\"300\" src=\"https:\/\/paris.pan.pl\/wp-content\/uploads\/2025\/10\/IMG_4264-300x300.jpg\" class=\"attachment-medium size-medium\" alt=\"\" srcset=\"https:\/\/paris.pan.pl\/wp-content\/uploads\/2025\/10\/IMG_4264-300x300.jpg 300w, https:\/\/paris.pan.pl\/wp-content\/uploads\/2025\/10\/IMG_4264-1024x1024.jpg 1024w, https:\/\/paris.pan.pl\/wp-content\/uploads\/2025\/10\/IMG_4264-150x150.jpg 150w, https:\/\/paris.pan.pl\/wp-content\/uploads\/2025\/10\/IMG_4264-768x768.jpg 768w, https:\/\/paris.pan.pl\/wp-content\/uploads\/2025\/10\/IMG_4264-1536x1536.jpg 1536w, https:\/\/paris.pan.pl\/wp-content\/uploads\/2025\/10\/IMG_4264-2048x2048.jpg 2048w, https:\/\/paris.pan.pl\/wp-content\/uploads\/2025\/10\/IMG_4264-406x406.jpg 406w, https:\/\/paris.pan.pl\/wp-content\/uploads\/2025\/10\/IMG_4264-1080x1080.jpg 1080w, https:\/\/paris.pan.pl\/wp-content\/uploads\/2025\/10\/IMG_4264-440x440.jpg 440w\" sizes=\"auto, (max-width: 300px) 100vw, 300px\" \/><\/a>\n\t\t\t<\/dt><\/dl><dl class='gallery-item'>\n\t\t\t<dt class='gallery-icon landscape'>\n\t\t\t\t<a href='https:\/\/paris.pan.pl\/wp-content\/uploads\/2025\/10\/IMG_4289.jpg'><img loading=\"lazy\" decoding=\"async\" width=\"300\" height=\"300\" src=\"https:\/\/paris.pan.pl\/wp-content\/uploads\/2025\/10\/IMG_4289-300x300.jpg\" class=\"attachment-medium size-medium\" alt=\"\" srcset=\"https:\/\/paris.pan.pl\/wp-content\/uploads\/2025\/10\/IMG_4289-300x300.jpg 300w, https:\/\/paris.pan.pl\/wp-content\/uploads\/2025\/10\/IMG_4289-1024x1024.jpg 1024w, https:\/\/paris.pan.pl\/wp-content\/uploads\/2025\/10\/IMG_4289-150x150.jpg 150w, https:\/\/paris.pan.pl\/wp-content\/uploads\/2025\/10\/IMG_4289-768x768.jpg 768w, https:\/\/paris.pan.pl\/wp-content\/uploads\/2025\/10\/IMG_4289-1536x1536.jpg 1536w, https:\/\/paris.pan.pl\/wp-content\/uploads\/2025\/10\/IMG_4289-2048x2048.jpg 2048w, https:\/\/paris.pan.pl\/wp-content\/uploads\/2025\/10\/IMG_4289-406x406.jpg 406w, https:\/\/paris.pan.pl\/wp-content\/uploads\/2025\/10\/IMG_4289-1080x1080.jpg 1080w, https:\/\/paris.pan.pl\/wp-content\/uploads\/2025\/10\/IMG_4289-440x440.jpg 440w\" sizes=\"auto, (max-width: 300px) 100vw, 300px\" \/><\/a>\n\t\t\t<\/dt><\/dl><dl class='gallery-item'>\n\t\t\t<dt class='gallery-icon landscape'>\n\t\t\t\t<a href='https:\/\/paris.pan.pl\/wp-content\/uploads\/2025\/10\/IMG_4326-scaled.jpg'><img loading=\"lazy\" decoding=\"async\" width=\"300\" height=\"300\" src=\"https:\/\/paris.pan.pl\/wp-content\/uploads\/2025\/10\/IMG_4326-300x300.jpg\" class=\"attachment-medium size-medium\" alt=\"\" srcset=\"https:\/\/paris.pan.pl\/wp-content\/uploads\/2025\/10\/IMG_4326-300x300.jpg 300w, https:\/\/paris.pan.pl\/wp-content\/uploads\/2025\/10\/IMG_4326-1024x1024.jpg 1024w, https:\/\/paris.pan.pl\/wp-content\/uploads\/2025\/10\/IMG_4326-150x150.jpg 150w, https:\/\/paris.pan.pl\/wp-content\/uploads\/2025\/10\/IMG_4326-768x768.jpg 768w, https:\/\/paris.pan.pl\/wp-content\/uploads\/2025\/10\/IMG_4326-1536x1536.jpg 1536w, https:\/\/paris.pan.pl\/wp-content\/uploads\/2025\/10\/IMG_4326-2048x2048.jpg 2048w, https:\/\/paris.pan.pl\/wp-content\/uploads\/2025\/10\/IMG_4326-406x406.jpg 406w, https:\/\/paris.pan.pl\/wp-content\/uploads\/2025\/10\/IMG_4326-1080x1080.jpg 1080w, https:\/\/paris.pan.pl\/wp-content\/uploads\/2025\/10\/IMG_4326-440x440.jpg 440w\" sizes=\"auto, (max-width: 300px) 100vw, 300px\" \/><\/a>\n\t\t\t<\/dt><\/dl><dl class='gallery-item'>\n\t\t\t<dt class='gallery-icon portrait'>\n\t\t\t\t<a href='https:\/\/paris.pan.pl\/wp-content\/uploads\/2025\/10\/IMG_4371-scaled.jpg'><img loading=\"lazy\" decoding=\"async\" width=\"250\" height=\"300\" src=\"https:\/\/paris.pan.pl\/wp-content\/uploads\/2025\/10\/IMG_4371-250x300.jpg\" class=\"attachment-medium size-medium\" alt=\"\" srcset=\"https:\/\/paris.pan.pl\/wp-content\/uploads\/2025\/10\/IMG_4371-250x300.jpg 250w, https:\/\/paris.pan.pl\/wp-content\/uploads\/2025\/10\/IMG_4371-854x1024.jpg 854w, https:\/\/paris.pan.pl\/wp-content\/uploads\/2025\/10\/IMG_4371-768x921.jpg 768w, https:\/\/paris.pan.pl\/wp-content\/uploads\/2025\/10\/IMG_4371-1281x1536.jpg 1281w, https:\/\/paris.pan.pl\/wp-content\/uploads\/2025\/10\/IMG_4371-1708x2048.jpg 1708w, https:\/\/paris.pan.pl\/wp-content\/uploads\/2025\/10\/IMG_4371-339x406.jpg 339w, https:\/\/paris.pan.pl\/wp-content\/uploads\/2025\/10\/IMG_4371-1080x1295.jpg 1080w\" sizes=\"auto, (max-width: 250px) 100vw, 250px\" \/><\/a>\n\t\t\t<\/dt><\/dl><br style=\"clear: both\" \/>\n\t\t<\/div>\n\n<p style=\"text-align: justify;\">\n","protected":false},"excerpt":{"rendered":"<p>Le 18 septembre 2025, un \u00e9v\u00e9nement consacr\u00e9 \u00e0 Fryderyk Chopin et \u00e0 ses liens avec la maison de George Sand \u00e0 Nohant \u2013 lieu ayant jou\u00e9 un r\u00f4le cl\u00e9 dans la vie personnelle et l\u2019\u0153uvre du compositeur \u2013 s\u2019est tenu au Centre scientifique de l\u2019Acad\u00e9mie Polonaise des Sciences \u00e0 Paris. L\u2019\u00e9v\u00e9nement a \u00e9t\u00e9 initi\u00e9 par [&hellip;]<\/p>\n","protected":false},"author":66,"featured_media":18943,"comment_status":"closed","ping_status":"closed","sticky":false,"template":"","format":"standard","meta":{"_acf_changed":false,"_et_pb_use_builder":"","_et_pb_old_content":"","_et_gb_content_width":"","footnotes":""},"categories":[19],"tags":[],"class_list":["post-19363","post","type-post","status-publish","format-standard","has-post-thumbnail","hentry","category-temoignages","et-has-post-format-content","et_post_format-et-post-format-standard"],"acf":[],"_links":{"self":[{"href":"https:\/\/paris.pan.pl\/fr\/wp-json\/wp\/v2\/posts\/19363","targetHints":{"allow":["GET"]}}],"collection":[{"href":"https:\/\/paris.pan.pl\/fr\/wp-json\/wp\/v2\/posts"}],"about":[{"href":"https:\/\/paris.pan.pl\/fr\/wp-json\/wp\/v2\/types\/post"}],"author":[{"embeddable":true,"href":"https:\/\/paris.pan.pl\/fr\/wp-json\/wp\/v2\/users\/66"}],"replies":[{"embeddable":true,"href":"https:\/\/paris.pan.pl\/fr\/wp-json\/wp\/v2\/comments?post=19363"}],"version-history":[{"count":0,"href":"https:\/\/paris.pan.pl\/fr\/wp-json\/wp\/v2\/posts\/19363\/revisions"}],"wp:featuredmedia":[{"embeddable":true,"href":"https:\/\/paris.pan.pl\/fr\/wp-json\/wp\/v2\/media\/18943"}],"wp:attachment":[{"href":"https:\/\/paris.pan.pl\/fr\/wp-json\/wp\/v2\/media?parent=19363"}],"wp:term":[{"taxonomy":"category","embeddable":true,"href":"https:\/\/paris.pan.pl\/fr\/wp-json\/wp\/v2\/categories?post=19363"},{"taxonomy":"post_tag","embeddable":true,"href":"https:\/\/paris.pan.pl\/fr\/wp-json\/wp\/v2\/tags?post=19363"}],"curies":[{"name":"wp","href":"https:\/\/api.w.org\/{rel}","templated":true}]}}