{"id":19452,"date":"2025-10-27T14:13:08","date_gmt":"2025-10-27T14:13:08","guid":{"rendered":"https:\/\/paris.pan.pl\/?p=19452"},"modified":"2025-11-04T16:10:29","modified_gmt":"2025-11-04T16:10:29","slug":"rapport-devenement-standing-on-the-shoulders-of-giants-polish-scientists-and-scholars-in-europe-legacy-and-the-present","status":"publish","type":"post","link":"https:\/\/paris.pan.pl\/fr\/rapport-devenement-standing-on-the-shoulders-of-giants-polish-scientists-and-scholars-in-europe-legacy-and-the-present\/","title":{"rendered":"Rapport d\u2019\u00e9v\u00e9nement : Standing on the Shoulders of Giants. Polish Scientists and Scholars in Europe \u2013 Legacy and the Present"},"content":{"rendered":"<p>Le <strong>17 octobre<\/strong>, le <strong>Centre scientifique de l\u2019Acad\u00e9mie polonaise des sciences \u00e0 Paris<\/strong> a accueilli un \u00e9v\u00e9nement interdisciplinaire exceptionnel consacr\u00e9 aux chercheurs polonais \u00e9minents dont le travail a fa\u00e7onn\u00e9, et continue de fa\u00e7onner, la science europ\u00e9enne. La rencontre accompagnait une exposition pr\u00e9par\u00e9e \u00e0 l\u2019occasion de la pr\u00e9sidence polonaise du Conseil de l\u2019Union europ\u00e9enne, d\u00e9velopp\u00e9e conjointement par les <strong>centres de l\u2019Acad\u00e9mie polonaise des sciences \u00e0 Bruxelles, Rome, Berlin, Vienne et Kyiv<\/strong>.<\/p>\n<p>La journ\u00e9e s\u2019est ouverte par les remarques introductives de la <strong>professeure Aldona Katarzyna Jankowska, directrice du Centre scientifique de l\u2019Acad\u00e9mie polonaise des sciences \u00e0 Paris<\/strong>, qui a souhait\u00e9 la bienvenue aux invit\u00e9s et exprim\u00e9 sa gratitude d\u2019accueillir d\u2019\u00e9minents chercheurs issus des instituts de l\u2019Acad\u00e9mie polonaise des sciences. Les mots de bienvenue ont \u00e9t\u00e9 suivis par une intervention du <strong>Dr Tomasz Poprawka, directeur du bureau PolSCA \u00e0 Bruxelles<\/strong>, qui a pr\u00e9sent\u00e9 la gen\u00e8se de l\u2019exposition et son objectif principal : mettre en valeur d\u2019excellents chercheurs polonais, du pass\u00e9 comme du pr\u00e9sent, dont les travaux s\u2019inscrivent dans les priorit\u00e9s strat\u00e9giques de l\u2019Union europ\u00e9enne.<\/p>\n<p><em><strong>Session flash<\/strong><\/em><\/p>\n<p>Le programme a d\u00e9but\u00e9 par une session \u00e9clair, compos\u00e9e de courtes pr\u00e9sentations de chercheurs de premier plan de l\u2019Acad\u00e9mie polonaise des sciences, repr\u00e9sentant diverses disciplines \u2013 de la physique m\u00e9dicale et la g\u00e9ochimie polaire \u00e0 l\u2019histoire, la biotechnologie et la science des mat\u00e9riaux.<\/p>\n<p>Les intervenants comprenaient :<\/p>\n<ul>\n<li><strong>Professeur Pawe\u0142 Olko<\/strong>, Institut de physique nucl\u00e9aire de l\u2019Acad\u00e9mie polonaise des sciences \u2013 expert en physique m\u00e9dicale et dosim\u00e9trie des rayonnements<\/li>\n<li><strong>Professeure Monika Kusiak<\/strong>, Institut de g\u00e9ophysique de l\u2019Acad\u00e9mie polonaise des sciences \u2013 g\u00e9ochimiste et exploratrice polaire sp\u00e9cialis\u00e9e en g\u00e9ochimie isotopique<\/li>\n<li><strong>Professeur Maciej G\u00f3rny<\/strong>, Institut d\u2019histoire Tadeusz Manteuffel de l\u2019Acad\u00e9mie polonaise des sciences \u2013 historien de l\u2019Europe centre-orientale et de l\u2019histoire intellectuelle<\/li>\n<li><strong>Professeur Janusz Lewi\u0144ski<\/strong>, Institut de chimie physique de l\u2019Acad\u00e9mie polonaise des sciences \u2013 chimiste sp\u00e9cialis\u00e9 en m\u00e9canochimie et mat\u00e9riaux avanc\u00e9s<\/li>\n<li><strong>Professeur Andrzej Gamian<\/strong>, Institut d\u2019immunologie et de th\u00e9rapie exp\u00e9rimentale Ludwik Hirszfeld de l\u2019Acad\u00e9mie polonaise des sciences \u2013 biochimiste et immunologiste, directeur de l\u2019Institut<\/li>\n<\/ul>\n<p>Cette session a mis en lumi\u00e8re l\u2019impact de la science polonaise sur la recherche europ\u00e9enne et mondiale, en c\u00e9l\u00e9brant l\u2019innovation et la collaboration internationale.<\/p>\n<p><strong><em>Sur les traces des g\u00e9ants<\/em> &#8211; table ronde<\/strong><\/p>\n<p>Apr\u00e8s la pause d\u00e9jeuner, qui a donn\u00e9 lieu \u00e0 des \u00e9changes fructueux, les participants ont pris part \u00e0 une table ronde intitul\u00e9e \u00ab In the Footsteps of Giants &#8211; voices of the past, questions of the present \u00bb, anim\u00e9e par Dr Anna Nawrocka (Fondation Polonium). La discussion a abord\u00e9 plusieurs d\u00e9fis contemporains : la confiance envers la recherche, le r\u00f4le de la communication scientifique, la diplomatie scientifique et la perception de la science polonaise \u00e0 l\u2019\u00e9tranger. Les pan\u00e9listes ont \u00e9galement \u00e9voqu\u00e9 la dimension personnelle de la recherche \u2014 comment pr\u00e9server la curiosit\u00e9 et la joie dans un environnement acad\u00e9mique comp\u00e9titif.<\/p>\n<p>L\u2019un des sujets qui a suscit\u00e9 des divergences concernait l\u2019approche de la communication scientifique. Selon le Pr Lewi\u0144ski, cette communication devrait rester entre les mains des scientifiques eux-m\u00eames, mieux plac\u00e9s pour expliquer leurs travaux. Le Pr Kusiak, en revanche, estime que les professionnels de la communication scientifique sont mieux outill\u00e9s, disposant d\u2019une exp\u00e9rience, d\u2019outils et d\u2019une compr\u00e9hension plus fine des publics cibles. Tous se sont accord\u00e9s sur un point : la promotion d\u2019une science accessible et inspirante doit commencer d\u00e8s le plus jeune \u00e2ge, notamment aupr\u00e8s des enfants.<\/p>\n<p><strong>Networking<\/strong><\/p>\n<p>L\u2019\u00e9v\u00e9nement s\u2019est achev\u00e9 par une s\u00e9ance de r\u00e9seautage, propice aux \u00e9changes informels et \u00e0 l\u2019\u00e9mergence de futures collaborations \u2014 une conclusion id\u00e9ale \u00e0 une journ\u00e9e plac\u00e9e sous le signe du dialogue, de l\u2019inspiration et de la construction d\u2019une communaut\u00e9 scientifique transfrontali\u00e8re.<\/p>\n<p>L\u2019exposition associ\u00e9e, \u00ab Debout sur les \u00e9paules des g\u00e9ants \u00bb, reste ouverte au public au Centre scientifique de l\u2019Acad\u00e9mie polonaise des sciences \u00e0 Paris jusqu\u2019au 28 octobre 2025, de 9h00 \u00e0 17h00. Nous invitons chaleureusement toutes les personnes int\u00e9ress\u00e9es par la science, l\u2019histoire et la culture \u00e0 venir d\u00e9couvrir les parcours et les contributions de chercheurs polonais d\u2019exception.<\/p>\n\n\t\t<style type=\"text\/css\">\n\t\t\t#gallery-1 {\n\t\t\t\tmargin: auto;\n\t\t\t}\n\t\t\t#gallery-1 .gallery-item {\n\t\t\t\tfloat: left;\n\t\t\t\tmargin-top: 10px;\n\t\t\t\ttext-align: center;\n\t\t\t\twidth: 33%;\n\t\t\t}\n\t\t\t#gallery-1 img {\n\t\t\t\tborder: 2px solid #cfcfcf;\n\t\t\t}\n\t\t\t#gallery-1 .gallery-caption {\n\t\t\t\tmargin-left: 0;\n\t\t\t}\n\t\t\t\/* see gallery_shortcode() in wp-includes\/media.php *\/\n\t\t<\/style>\n\t\t<div id='gallery-1' class='gallery galleryid-19452 gallery-columns-3 gallery-size-thumbnail'><dl class='gallery-item'>\n\t\t\t<dt class='gallery-icon portrait'>\n\t\t\t\t<a href='https:\/\/paris.pan.pl\/fr\/rapport-devenement-standing-on-the-shoulders-of-giants-polish-scientists-and-scholars-in-europe-legacy-and-the-present\/img_4876-2\/'><img loading=\"lazy\" decoding=\"async\" width=\"150\" height=\"150\" src=\"https:\/\/paris.pan.pl\/wp-content\/uploads\/2025\/10\/IMG_4876-150x150.jpg\" class=\"attachment-thumbnail size-thumbnail\" alt=\"\" srcset=\"https:\/\/paris.pan.pl\/wp-content\/uploads\/2025\/10\/IMG_4876-150x150.jpg 150w, https:\/\/paris.pan.pl\/wp-content\/uploads\/2025\/10\/IMG_4876-300x300.jpg 300w, https:\/\/paris.pan.pl\/wp-content\/uploads\/2025\/10\/IMG_4876-440x440.jpg 440w\" sizes=\"auto, (max-width: 150px) 100vw, 150px\" \/><\/a>\n\t\t\t<\/dt><\/dl><dl class='gallery-item'>\n\t\t\t<dt class='gallery-icon portrait'>\n\t\t\t\t<a href='https:\/\/paris.pan.pl\/fr\/rapport-devenement-standing-on-the-shoulders-of-giants-polish-scientists-and-scholars-in-europe-legacy-and-the-present\/img_4888-2\/'><img loading=\"lazy\" decoding=\"async\" width=\"150\" height=\"150\" src=\"https:\/\/paris.pan.pl\/wp-content\/uploads\/2025\/10\/IMG_4888-150x150.jpg\" class=\"attachment-thumbnail size-thumbnail\" alt=\"\" srcset=\"https:\/\/paris.pan.pl\/wp-content\/uploads\/2025\/10\/IMG_4888-150x150.jpg 150w, https:\/\/paris.pan.pl\/wp-content\/uploads\/2025\/10\/IMG_4888-300x300.jpg 300w, https:\/\/paris.pan.pl\/wp-content\/uploads\/2025\/10\/IMG_4888-440x440.jpg 440w\" sizes=\"auto, (max-width: 150px) 100vw, 150px\" \/><\/a>\n\t\t\t<\/dt><\/dl><dl class='gallery-item'>\n\t\t\t<dt class='gallery-icon portrait'>\n\t\t\t\t<a href='https:\/\/paris.pan.pl\/fr\/rapport-devenement-standing-on-the-shoulders-of-giants-polish-scientists-and-scholars-in-europe-legacy-and-the-present\/img_4896-2\/'><img loading=\"lazy\" decoding=\"async\" width=\"150\" height=\"150\" src=\"https:\/\/paris.pan.pl\/wp-content\/uploads\/2025\/10\/IMG_4896-150x150.jpg\" class=\"attachment-thumbnail size-thumbnail\" alt=\"\" srcset=\"https:\/\/paris.pan.pl\/wp-content\/uploads\/2025\/10\/IMG_4896-150x150.jpg 150w, https:\/\/paris.pan.pl\/wp-content\/uploads\/2025\/10\/IMG_4896-300x300.jpg 300w, https:\/\/paris.pan.pl\/wp-content\/uploads\/2025\/10\/IMG_4896-440x440.jpg 440w\" sizes=\"auto, (max-width: 150px) 100vw, 150px\" \/><\/a>\n\t\t\t<\/dt><\/dl><br style=\"clear: both\" \/><dl class='gallery-item'>\n\t\t\t<dt class='gallery-icon portrait'>\n\t\t\t\t<a href='https:\/\/paris.pan.pl\/fr\/rapport-devenement-standing-on-the-shoulders-of-giants-polish-scientists-and-scholars-in-europe-legacy-and-the-present\/img_4898-2\/'><img loading=\"lazy\" decoding=\"async\" width=\"150\" height=\"150\" src=\"https:\/\/paris.pan.pl\/wp-content\/uploads\/2025\/10\/IMG_4898-150x150.jpg\" class=\"attachment-thumbnail size-thumbnail\" alt=\"\" srcset=\"https:\/\/paris.pan.pl\/wp-content\/uploads\/2025\/10\/IMG_4898-150x150.jpg 150w, https:\/\/paris.pan.pl\/wp-content\/uploads\/2025\/10\/IMG_4898-300x300.jpg 300w, https:\/\/paris.pan.pl\/wp-content\/uploads\/2025\/10\/IMG_4898-440x440.jpg 440w\" sizes=\"auto, (max-width: 150px) 100vw, 150px\" \/><\/a>\n\t\t\t<\/dt><\/dl><dl class='gallery-item'>\n\t\t\t<dt class='gallery-icon portrait'>\n\t\t\t\t<a href='https:\/\/paris.pan.pl\/fr\/rapport-devenement-standing-on-the-shoulders-of-giants-polish-scientists-and-scholars-in-europe-legacy-and-the-present\/img_4904-2\/'><img loading=\"lazy\" decoding=\"async\" width=\"150\" height=\"150\" src=\"https:\/\/paris.pan.pl\/wp-content\/uploads\/2025\/10\/IMG_4904-150x150.jpg\" class=\"attachment-thumbnail size-thumbnail\" alt=\"\" srcset=\"https:\/\/paris.pan.pl\/wp-content\/uploads\/2025\/10\/IMG_4904-150x150.jpg 150w, https:\/\/paris.pan.pl\/wp-content\/uploads\/2025\/10\/IMG_4904-300x300.jpg 300w, https:\/\/paris.pan.pl\/wp-content\/uploads\/2025\/10\/IMG_4904-440x440.jpg 440w\" sizes=\"auto, (max-width: 150px) 100vw, 150px\" \/><\/a>\n\t\t\t<\/dt><\/dl><dl class='gallery-item'>\n\t\t\t<dt class='gallery-icon portrait'>\n\t\t\t\t<a href='https:\/\/paris.pan.pl\/fr\/rapport-devenement-standing-on-the-shoulders-of-giants-polish-scientists-and-scholars-in-europe-legacy-and-the-present\/img_4848-2\/'><img loading=\"lazy\" decoding=\"async\" width=\"150\" height=\"150\" src=\"https:\/\/paris.pan.pl\/wp-content\/uploads\/2025\/10\/IMG_4848-150x150.jpg\" class=\"attachment-thumbnail size-thumbnail\" alt=\"\" srcset=\"https:\/\/paris.pan.pl\/wp-content\/uploads\/2025\/10\/IMG_4848-150x150.jpg 150w, https:\/\/paris.pan.pl\/wp-content\/uploads\/2025\/10\/IMG_4848-300x300.jpg 300w, https:\/\/paris.pan.pl\/wp-content\/uploads\/2025\/10\/IMG_4848-440x440.jpg 440w\" sizes=\"auto, (max-width: 150px) 100vw, 150px\" \/><\/a>\n\t\t\t<\/dt><\/dl><br style=\"clear: both\" \/><dl class='gallery-item'>\n\t\t\t<dt class='gallery-icon landscape'>\n\t\t\t\t<a href='https:\/\/paris.pan.pl\/fr\/rapport-devenement-standing-on-the-shoulders-of-giants-polish-scientists-and-scholars-in-europe-legacy-and-the-present\/giants-14-2\/'><img loading=\"lazy\" decoding=\"async\" width=\"150\" height=\"150\" src=\"https:\/\/paris.pan.pl\/wp-content\/uploads\/2025\/10\/Giants-14-150x150.jpg\" class=\"attachment-thumbnail size-thumbnail\" alt=\"\" srcset=\"https:\/\/paris.pan.pl\/wp-content\/uploads\/2025\/10\/Giants-14-150x150.jpg 150w, https:\/\/paris.pan.pl\/wp-content\/uploads\/2025\/10\/Giants-14-300x300.jpg 300w, https:\/\/paris.pan.pl\/wp-content\/uploads\/2025\/10\/Giants-14-440x440.jpg 440w\" sizes=\"auto, (max-width: 150px) 100vw, 150px\" \/><\/a>\n\t\t\t<\/dt><\/dl><dl class='gallery-item'>\n\t\t\t<dt class='gallery-icon landscape'>\n\t\t\t\t<a href='https:\/\/paris.pan.pl\/fr\/rapport-devenement-standing-on-the-shoulders-of-giants-polish-scientists-and-scholars-in-europe-legacy-and-the-present\/giants-21-2\/'><img loading=\"lazy\" decoding=\"async\" width=\"150\" height=\"150\" src=\"https:\/\/paris.pan.pl\/wp-content\/uploads\/2025\/10\/Giants-21-150x150.jpg\" class=\"attachment-thumbnail size-thumbnail\" alt=\"\" srcset=\"https:\/\/paris.pan.pl\/wp-content\/uploads\/2025\/10\/Giants-21-150x150.jpg 150w, https:\/\/paris.pan.pl\/wp-content\/uploads\/2025\/10\/Giants-21-300x300.jpg 300w, https:\/\/paris.pan.pl\/wp-content\/uploads\/2025\/10\/Giants-21-440x440.jpg 440w\" sizes=\"auto, (max-width: 150px) 100vw, 150px\" \/><\/a>\n\t\t\t<\/dt><\/dl><dl class='gallery-item'>\n\t\t\t<dt class='gallery-icon landscape'>\n\t\t\t\t<a href='https:\/\/paris.pan.pl\/fr\/rapport-devenement-standing-on-the-shoulders-of-giants-polish-scientists-and-scholars-in-europe-legacy-and-the-present\/giants-20-2\/'><img loading=\"lazy\" decoding=\"async\" width=\"150\" height=\"150\" src=\"https:\/\/paris.pan.pl\/wp-content\/uploads\/2025\/10\/Giants-20-150x150.jpg\" class=\"attachment-thumbnail size-thumbnail\" alt=\"\" srcset=\"https:\/\/paris.pan.pl\/wp-content\/uploads\/2025\/10\/Giants-20-150x150.jpg 150w, https:\/\/paris.pan.pl\/wp-content\/uploads\/2025\/10\/Giants-20-300x300.jpg 300w, https:\/\/paris.pan.pl\/wp-content\/uploads\/2025\/10\/Giants-20-440x440.jpg 440w\" sizes=\"auto, (max-width: 150px) 100vw, 150px\" \/><\/a>\n\t\t\t<\/dt><\/dl><br style=\"clear: both\" \/><dl class='gallery-item'>\n\t\t\t<dt class='gallery-icon portrait'>\n\t\t\t\t<a href='https:\/\/paris.pan.pl\/fr\/rapport-devenement-standing-on-the-shoulders-of-giants-polish-scientists-and-scholars-in-europe-legacy-and-the-present\/giants-18-2\/'><img loading=\"lazy\" decoding=\"async\" width=\"150\" height=\"150\" src=\"https:\/\/paris.pan.pl\/wp-content\/uploads\/2025\/10\/Giants-18-150x150.jpg\" class=\"attachment-thumbnail size-thumbnail\" alt=\"\" srcset=\"https:\/\/paris.pan.pl\/wp-content\/uploads\/2025\/10\/Giants-18-150x150.jpg 150w, https:\/\/paris.pan.pl\/wp-content\/uploads\/2025\/10\/Giants-18-300x300.jpg 300w, https:\/\/paris.pan.pl\/wp-content\/uploads\/2025\/10\/Giants-18-440x440.jpg 440w\" sizes=\"auto, (max-width: 150px) 100vw, 150px\" \/><\/a>\n\t\t\t<\/dt><\/dl><dl class='gallery-item'>\n\t\t\t<dt class='gallery-icon landscape'>\n\t\t\t\t<a href='https:\/\/paris.pan.pl\/fr\/rapport-devenement-standing-on-the-shoulders-of-giants-polish-scientists-and-scholars-in-europe-legacy-and-the-present\/giants-17-2\/'><img loading=\"lazy\" decoding=\"async\" width=\"150\" height=\"150\" src=\"https:\/\/paris.pan.pl\/wp-content\/uploads\/2025\/10\/Giants-17-150x150.jpg\" class=\"attachment-thumbnail size-thumbnail\" alt=\"\" srcset=\"https:\/\/paris.pan.pl\/wp-content\/uploads\/2025\/10\/Giants-17-150x150.jpg 150w, https:\/\/paris.pan.pl\/wp-content\/uploads\/2025\/10\/Giants-17-300x300.jpg 300w, https:\/\/paris.pan.pl\/wp-content\/uploads\/2025\/10\/Giants-17-440x440.jpg 440w\" sizes=\"auto, (max-width: 150px) 100vw, 150px\" \/><\/a>\n\t\t\t<\/dt><\/dl><dl class='gallery-item'>\n\t\t\t<dt class='gallery-icon portrait'>\n\t\t\t\t<a href='https:\/\/paris.pan.pl\/fr\/rapport-devenement-standing-on-the-shoulders-of-giants-polish-scientists-and-scholars-in-europe-legacy-and-the-present\/giants-15-2\/'><img loading=\"lazy\" decoding=\"async\" width=\"150\" height=\"150\" src=\"https:\/\/paris.pan.pl\/wp-content\/uploads\/2025\/10\/Giants-15-150x150.jpg\" class=\"attachment-thumbnail size-thumbnail\" alt=\"\" srcset=\"https:\/\/paris.pan.pl\/wp-content\/uploads\/2025\/10\/Giants-15-150x150.jpg 150w, https:\/\/paris.pan.pl\/wp-content\/uploads\/2025\/10\/Giants-15-300x300.jpg 300w, https:\/\/paris.pan.pl\/wp-content\/uploads\/2025\/10\/Giants-15-440x440.jpg 440w\" sizes=\"auto, (max-width: 150px) 100vw, 150px\" \/><\/a>\n\t\t\t<\/dt><\/dl><br style=\"clear: both\" \/>\n\t\t<\/div>\n\n","protected":false},"excerpt":{"rendered":"<p>Le 17 octobre, le Centre scientifique de l\u2019Acad\u00e9mie polonaise des sciences \u00e0 Paris a accueilli un \u00e9v\u00e9nement interdisciplinaire exceptionnel consacr\u00e9 aux chercheurs polonais \u00e9minents dont le travail a fa\u00e7onn\u00e9, et continue de fa\u00e7onner, la science europ\u00e9enne. La rencontre accompagnait une exposition pr\u00e9par\u00e9e \u00e0 l\u2019occasion de la pr\u00e9sidence polonaise du Conseil de l\u2019Union europ\u00e9enne, d\u00e9velopp\u00e9e conjointement [&hellip;]<\/p>\n","protected":false},"author":64,"featured_media":19424,"comment_status":"closed","ping_status":"closed","sticky":false,"template":"","format":"standard","meta":{"_acf_changed":false,"_et_pb_use_builder":"","_et_pb_old_content":"","_et_gb_content_width":"","footnotes":""},"categories":[19],"tags":[],"class_list":["post-19452","post","type-post","status-publish","format-standard","has-post-thumbnail","hentry","category-temoignages","et-has-post-format-content","et_post_format-et-post-format-standard"],"acf":[],"_links":{"self":[{"href":"https:\/\/paris.pan.pl\/fr\/wp-json\/wp\/v2\/posts\/19452","targetHints":{"allow":["GET"]}}],"collection":[{"href":"https:\/\/paris.pan.pl\/fr\/wp-json\/wp\/v2\/posts"}],"about":[{"href":"https:\/\/paris.pan.pl\/fr\/wp-json\/wp\/v2\/types\/post"}],"author":[{"embeddable":true,"href":"https:\/\/paris.pan.pl\/fr\/wp-json\/wp\/v2\/users\/64"}],"replies":[{"embeddable":true,"href":"https:\/\/paris.pan.pl\/fr\/wp-json\/wp\/v2\/comments?post=19452"}],"version-history":[{"count":0,"href":"https:\/\/paris.pan.pl\/fr\/wp-json\/wp\/v2\/posts\/19452\/revisions"}],"wp:featuredmedia":[{"embeddable":true,"href":"https:\/\/paris.pan.pl\/fr\/wp-json\/wp\/v2\/media\/19424"}],"wp:attachment":[{"href":"https:\/\/paris.pan.pl\/fr\/wp-json\/wp\/v2\/media?parent=19452"}],"wp:term":[{"taxonomy":"category","embeddable":true,"href":"https:\/\/paris.pan.pl\/fr\/wp-json\/wp\/v2\/categories?post=19452"},{"taxonomy":"post_tag","embeddable":true,"href":"https:\/\/paris.pan.pl\/fr\/wp-json\/wp\/v2\/tags?post=19452"}],"curies":[{"name":"wp","href":"https:\/\/api.w.org\/{rel}","templated":true}]}}