{"id":19733,"date":"2025-12-09T11:41:43","date_gmt":"2025-12-09T11:41:43","guid":{"rendered":"https:\/\/paris.pan.pl\/?p=19733"},"modified":"2025-12-09T11:41:43","modified_gmt":"2025-12-09T11:41:43","slug":"rapport-de-levenement-explorateurs-polonais-du-nouveau-monde-et-des-iles-du-pacifique-predecesseurs-et-successeurs-de-sir-pawel-edmund-strzelecki","status":"publish","type":"post","link":"https:\/\/paris.pan.pl\/fr\/rapport-de-levenement-explorateurs-polonais-du-nouveau-monde-et-des-iles-du-pacifique-predecesseurs-et-successeurs-de-sir-pawel-edmund-strzelecki\/","title":{"rendered":"Rapport de l\u2019\u00e9v\u00e9nement \u00ab Explorateurs polonais du Nouveau Monde et des \u00eeles du Pacifique : pr\u00e9d\u00e9cesseurs et successeurs de Sir Pawe\u0142 Edmund Strzelecki \u00bb"},"content":{"rendered":"<p>L\u2019\u00e9v\u00e9nement \u00ab Explorateurs polonais du Nouveau Monde et des \u00eeles du Pacifique : pr\u00e9d\u00e9cesseurs et successeurs de Sir Pawe\u0142 Edmund Strzelecki \u00bb visait \u00e0 mettre en lumi\u00e8re <strong>le r\u00f4le des voyageurs polonais dans l\u2019exploration de l\u2019oc\u00e9an Pacifique et de ses \u00eeles, ainsi que leur contribution au d\u00e9veloppement des sciences naturelles et de l\u2019anthropologie<\/strong>.<\/p>\n<p>La figure centrale de l\u2019\u00e9v\u00e9nement \u00e9tait Pawe\u0142 Edmund Strzelecki, dont les travaux scientifiques lui valurent une reconnaissance internationale et de nombreuses distinctions. Il est notamment l\u2019auteur de \u00ab\u00a0Physical Description of New South Wales and Van Diemen\u2019s Land\u00a0\u00bb (1845), un ouvrage salu\u00e9 par Charles Darwin. L\u2019\u00e9v\u00e9nement a \u00e9galement rappel\u00e9 son opposition \u00e0 l\u2019esclavage et son engagement en faveur des peuples autochtones.<\/p>\n<p>Les profils d\u2019autres chercheurs polonais ayant apport\u00e9 une contribution significative \u00e0 l\u2019\u00e9tude de l\u2019Oc\u00e9anie ont \u00e9t\u00e9 pr\u00e9sent\u00e9s aux c\u00f4t\u00e9s de Strzelecki, notamment :<\/p>\n<p>&#8211; Jan Stanis\u0142aw Kubary, pionnier des recherches ethnographiques en Micron\u00e9sie, auteur d\u2019un riche h\u00e9ritage documentaire, dont la description du site de Nan Madol, aujourd\u2019hui inscrit sur la liste du patrimoine mondial de l\u2019UNESCO ;<img loading=\"lazy\" decoding=\"async\" class=\"alignright wp-image-19714\" src=\"https:\/\/paris.pan.pl\/wp-content\/uploads\/2025\/12\/zdjecie-wystawa-na-strone-300x300.png\" alt=\"\" width=\"232\" height=\"232\" srcset=\"https:\/\/paris.pan.pl\/wp-content\/uploads\/2025\/12\/zdjecie-wystawa-na-strone-300x300.png 300w, https:\/\/paris.pan.pl\/wp-content\/uploads\/2025\/12\/zdjecie-wystawa-na-strone-1024x1024.png 1024w, https:\/\/paris.pan.pl\/wp-content\/uploads\/2025\/12\/zdjecie-wystawa-na-strone-150x150.png 150w, https:\/\/paris.pan.pl\/wp-content\/uploads\/2025\/12\/zdjecie-wystawa-na-strone-768x768.png 768w, https:\/\/paris.pan.pl\/wp-content\/uploads\/2025\/12\/zdjecie-wystawa-na-strone-406x406.png 406w, https:\/\/paris.pan.pl\/wp-content\/uploads\/2025\/12\/zdjecie-wystawa-na-strone-1080x1080.png 1080w, https:\/\/paris.pan.pl\/wp-content\/uploads\/2025\/12\/zdjecie-wystawa-na-strone-440x440.png 440w, https:\/\/paris.pan.pl\/wp-content\/uploads\/2025\/12\/zdjecie-wystawa-na-strone.png 1500w\" sizes=\"auto, (max-width: 232px) 100vw, 232px\" \/><\/p>\n<p>&#8211; Jerzy Zubrzycki, sociologue et conseiller du gouvernement australien, consid\u00e9r\u00e9 comme le p\u00e8re du mod\u00e8le australien du multiculturalisme ;<\/p>\n<p>&#8211; Kazimierz Antoni Wodzicki, \u00e9minent ornithologue qui \u00e9tudia l\u2019\u00e9cologie animale en Nouvelle-Z\u00e9lande et organisa une aide pour les r\u00e9fugi\u00e9s de guerre polonais.<\/p>\n<p>Cet \u00e9v\u00e9nement rev\u00eatait une importance \u00e0 la fois scientifique et symbolique, rappelant l\u2019h\u00e9ritage de la recherche polonaise, ainsi que le courage et la curiosit\u00e9 qui ont pouss\u00e9 les explorateurs polonais aux confins du globe. Il a mis en lumi\u00e8re leurs contributions au d\u00e9veloppement de la science, de la cartographie, de l\u2019ethnographie et de la protection de la nature, ainsi que les valeurs humanistes qui ont guid\u00e9 leurs actions.<\/p>\n<p><strong>Cette rencontre a \u00e9galement permis de r\u00e9fl\u00e9chir \u00e0 la mani\u00e8re dont les explorateurs polonais ont su concilier passion scientifique et sensibilit\u00e9 au destin d\u2019autres nations, malgr\u00e9 les conditions difficiles de l\u2019\u00e9migration.<\/strong><\/p>\n<p>L\u2019exposition sera accessible \u00e0 l\u2019Acad\u00e9mie polonaise des sciences centre scientifique \u00e0 Paris, (74 rue Lauriston, 75116 Paris), du 27 novembre au 29 d\u00e9cembre 2025. Les visiteurs seront accueillis de 9h45 \u00e0 13h, puis de 14h \u00e0 16h30.<\/p>\n<p>L\u2019exposition <strong>en fran\u00e7ais<\/strong>.<\/p>\n<p>&nbsp;<\/p>\n\n\t\t<style type=\"text\/css\">\n\t\t\t#gallery-1 {\n\t\t\t\tmargin: auto;\n\t\t\t}\n\t\t\t#gallery-1 .gallery-item {\n\t\t\t\tfloat: left;\n\t\t\t\tmargin-top: 10px;\n\t\t\t\ttext-align: center;\n\t\t\t\twidth: 25%;\n\t\t\t}\n\t\t\t#gallery-1 img {\n\t\t\t\tborder: 2px solid #cfcfcf;\n\t\t\t}\n\t\t\t#gallery-1 .gallery-caption {\n\t\t\t\tmargin-left: 0;\n\t\t\t}\n\t\t\t\/* see gallery_shortcode() in wp-includes\/media.php *\/\n\t\t<\/style>\n\t\t<div id='gallery-1' class='gallery galleryid-19733 gallery-columns-4 gallery-size-medium'><dl class='gallery-item'>\n\t\t\t<dt class='gallery-icon landscape'>\n\t\t\t\t<a href='https:\/\/paris.pan.pl\/wp-content\/uploads\/2025\/12\/eksploratorzy-IV.png'><img loading=\"lazy\" decoding=\"async\" width=\"300\" height=\"300\" src=\"https:\/\/paris.pan.pl\/wp-content\/uploads\/2025\/12\/eksploratorzy-IV-300x300.png\" class=\"attachment-medium size-medium\" alt=\"\" srcset=\"https:\/\/paris.pan.pl\/wp-content\/uploads\/2025\/12\/eksploratorzy-IV-300x300.png 300w, https:\/\/paris.pan.pl\/wp-content\/uploads\/2025\/12\/eksploratorzy-IV-1024x1024.png 1024w, https:\/\/paris.pan.pl\/wp-content\/uploads\/2025\/12\/eksploratorzy-IV-150x150.png 150w, https:\/\/paris.pan.pl\/wp-content\/uploads\/2025\/12\/eksploratorzy-IV-768x768.png 768w, https:\/\/paris.pan.pl\/wp-content\/uploads\/2025\/12\/eksploratorzy-IV-1536x1536.png 1536w, https:\/\/paris.pan.pl\/wp-content\/uploads\/2025\/12\/eksploratorzy-IV-406x406.png 406w, https:\/\/paris.pan.pl\/wp-content\/uploads\/2025\/12\/eksploratorzy-IV-1080x1080.png 1080w, https:\/\/paris.pan.pl\/wp-content\/uploads\/2025\/12\/eksploratorzy-IV-440x440.png 440w, https:\/\/paris.pan.pl\/wp-content\/uploads\/2025\/12\/eksploratorzy-IV.png 1772w\" sizes=\"auto, (max-width: 300px) 100vw, 300px\" \/><\/a>\n\t\t\t<\/dt><\/dl><dl class='gallery-item'>\n\t\t\t<dt class='gallery-icon landscape'>\n\t\t\t\t<a href='https:\/\/paris.pan.pl\/wp-content\/uploads\/2025\/12\/eksploratorzy-V.png'><img loading=\"lazy\" decoding=\"async\" width=\"300\" height=\"300\" src=\"https:\/\/paris.pan.pl\/wp-content\/uploads\/2025\/12\/eksploratorzy-V-300x300.png\" class=\"attachment-medium size-medium\" alt=\"\" srcset=\"https:\/\/paris.pan.pl\/wp-content\/uploads\/2025\/12\/eksploratorzy-V-300x300.png 300w, https:\/\/paris.pan.pl\/wp-content\/uploads\/2025\/12\/eksploratorzy-V-1024x1024.png 1024w, https:\/\/paris.pan.pl\/wp-content\/uploads\/2025\/12\/eksploratorzy-V-150x150.png 150w, https:\/\/paris.pan.pl\/wp-content\/uploads\/2025\/12\/eksploratorzy-V-768x768.png 768w, https:\/\/paris.pan.pl\/wp-content\/uploads\/2025\/12\/eksploratorzy-V-1536x1536.png 1536w, https:\/\/paris.pan.pl\/wp-content\/uploads\/2025\/12\/eksploratorzy-V-406x406.png 406w, https:\/\/paris.pan.pl\/wp-content\/uploads\/2025\/12\/eksploratorzy-V-1080x1080.png 1080w, https:\/\/paris.pan.pl\/wp-content\/uploads\/2025\/12\/eksploratorzy-V-440x440.png 440w, https:\/\/paris.pan.pl\/wp-content\/uploads\/2025\/12\/eksploratorzy-V.png 1772w\" sizes=\"auto, (max-width: 300px) 100vw, 300px\" \/><\/a>\n\t\t\t<\/dt><\/dl><dl class='gallery-item'>\n\t\t\t<dt class='gallery-icon landscape'>\n\t\t\t\t<a href='https:\/\/paris.pan.pl\/wp-content\/uploads\/2025\/12\/eksploratorzy-VI.png'><img loading=\"lazy\" decoding=\"async\" width=\"300\" height=\"300\" src=\"https:\/\/paris.pan.pl\/wp-content\/uploads\/2025\/12\/eksploratorzy-VI-300x300.png\" class=\"attachment-medium size-medium\" alt=\"\" srcset=\"https:\/\/paris.pan.pl\/wp-content\/uploads\/2025\/12\/eksploratorzy-VI-300x300.png 300w, https:\/\/paris.pan.pl\/wp-content\/uploads\/2025\/12\/eksploratorzy-VI-1024x1024.png 1024w, https:\/\/paris.pan.pl\/wp-content\/uploads\/2025\/12\/eksploratorzy-VI-150x150.png 150w, https:\/\/paris.pan.pl\/wp-content\/uploads\/2025\/12\/eksploratorzy-VI-768x768.png 768w, https:\/\/paris.pan.pl\/wp-content\/uploads\/2025\/12\/eksploratorzy-VI-1536x1536.png 1536w, https:\/\/paris.pan.pl\/wp-content\/uploads\/2025\/12\/eksploratorzy-VI-406x406.png 406w, https:\/\/paris.pan.pl\/wp-content\/uploads\/2025\/12\/eksploratorzy-VI-1080x1080.png 1080w, https:\/\/paris.pan.pl\/wp-content\/uploads\/2025\/12\/eksploratorzy-VI-440x440.png 440w, https:\/\/paris.pan.pl\/wp-content\/uploads\/2025\/12\/eksploratorzy-VI.png 1772w\" sizes=\"auto, (max-width: 300px) 100vw, 300px\" \/><\/a>\n\t\t\t<\/dt><\/dl><dl class='gallery-item'>\n\t\t\t<dt class='gallery-icon landscape'>\n\t\t\t\t<a href='https:\/\/paris.pan.pl\/wp-content\/uploads\/2025\/12\/eksploratorzy-I.png'><img loading=\"lazy\" decoding=\"async\" width=\"300\" height=\"300\" src=\"https:\/\/paris.pan.pl\/wp-content\/uploads\/2025\/12\/eksploratorzy-I-300x300.png\" class=\"attachment-medium size-medium\" alt=\"\" srcset=\"https:\/\/paris.pan.pl\/wp-content\/uploads\/2025\/12\/eksploratorzy-I-300x300.png 300w, https:\/\/paris.pan.pl\/wp-content\/uploads\/2025\/12\/eksploratorzy-I-1024x1024.png 1024w, https:\/\/paris.pan.pl\/wp-content\/uploads\/2025\/12\/eksploratorzy-I-150x150.png 150w, https:\/\/paris.pan.pl\/wp-content\/uploads\/2025\/12\/eksploratorzy-I-768x768.png 768w, https:\/\/paris.pan.pl\/wp-content\/uploads\/2025\/12\/eksploratorzy-I-1536x1536.png 1536w, https:\/\/paris.pan.pl\/wp-content\/uploads\/2025\/12\/eksploratorzy-I-406x406.png 406w, https:\/\/paris.pan.pl\/wp-content\/uploads\/2025\/12\/eksploratorzy-I-1080x1080.png 1080w, https:\/\/paris.pan.pl\/wp-content\/uploads\/2025\/12\/eksploratorzy-I-440x440.png 440w, https:\/\/paris.pan.pl\/wp-content\/uploads\/2025\/12\/eksploratorzy-I.png 1772w\" sizes=\"auto, (max-width: 300px) 100vw, 300px\" \/><\/a>\n\t\t\t<\/dt><\/dl><br style=\"clear: both\" \/>\n\t\t<\/div>\n\n","protected":false},"excerpt":{"rendered":"<p>L\u2019\u00e9v\u00e9nement \u00ab Explorateurs polonais du Nouveau Monde et des \u00eeles du Pacifique : pr\u00e9d\u00e9cesseurs et successeurs de Sir Pawe\u0142 Edmund Strzelecki \u00bb visait \u00e0 mettre en lumi\u00e8re le r\u00f4le des voyageurs polonais dans l\u2019exploration de l\u2019oc\u00e9an Pacifique et de ses \u00eeles, ainsi que leur contribution au d\u00e9veloppement des sciences naturelles et de l\u2019anthropologie. La figure [&hellip;]<\/p>\n","protected":false},"author":65,"featured_media":19713,"comment_status":"closed","ping_status":"closed","sticky":false,"template":"","format":"standard","meta":{"_acf_changed":false,"_et_pb_use_builder":"","_et_pb_old_content":"","_et_gb_content_width":"","footnotes":""},"categories":[17,19],"tags":[],"class_list":["post-19733","post","type-post","status-publish","format-standard","has-post-thumbnail","hentry","category-actualites","category-temoignages","et-has-post-format-content","et_post_format-et-post-format-standard"],"acf":[],"_links":{"self":[{"href":"https:\/\/paris.pan.pl\/fr\/wp-json\/wp\/v2\/posts\/19733","targetHints":{"allow":["GET"]}}],"collection":[{"href":"https:\/\/paris.pan.pl\/fr\/wp-json\/wp\/v2\/posts"}],"about":[{"href":"https:\/\/paris.pan.pl\/fr\/wp-json\/wp\/v2\/types\/post"}],"author":[{"embeddable":true,"href":"https:\/\/paris.pan.pl\/fr\/wp-json\/wp\/v2\/users\/65"}],"replies":[{"embeddable":true,"href":"https:\/\/paris.pan.pl\/fr\/wp-json\/wp\/v2\/comments?post=19733"}],"version-history":[{"count":0,"href":"https:\/\/paris.pan.pl\/fr\/wp-json\/wp\/v2\/posts\/19733\/revisions"}],"wp:featuredmedia":[{"embeddable":true,"href":"https:\/\/paris.pan.pl\/fr\/wp-json\/wp\/v2\/media\/19713"}],"wp:attachment":[{"href":"https:\/\/paris.pan.pl\/fr\/wp-json\/wp\/v2\/media?parent=19733"}],"wp:term":[{"taxonomy":"category","embeddable":true,"href":"https:\/\/paris.pan.pl\/fr\/wp-json\/wp\/v2\/categories?post=19733"},{"taxonomy":"post_tag","embeddable":true,"href":"https:\/\/paris.pan.pl\/fr\/wp-json\/wp\/v2\/tags?post=19733"}],"curies":[{"name":"wp","href":"https:\/\/api.w.org\/{rel}","templated":true}]}}