{"id":5483,"date":"2019-09-24T13:48:47","date_gmt":"2019-09-24T13:48:47","guid":{"rendered":"http:\/\/paris.pan.pl\/?p=5483"},"modified":"2019-09-30T09:44:37","modified_gmt":"2019-09-30T09:44:37","slug":"saison-dautomne-agenda-actualise","status":"publish","type":"post","link":"https:\/\/paris.pan.pl\/fr\/saison-dautomne-agenda-actualise\/","title":{"rendered":"Saison d&rsquo;automne &#8211; agenda actualis\u00e9"},"content":{"rendered":"<p>Nous avons le plaisir de vous inviter \u00e0 participer \u00e0 nos \u00e9v\u00e9nements de la saison d&rsquo;automne.<\/p>\n<p><a href=\"http:\/\/paris.pan.pl\/wp-content\/uploads\/2019\/09\/Agenda-2019-WEBSITE-1.pdf\">T\u00e9l\u00e9charger Agenda 2019<\/a><\/p>\n","protected":false},"excerpt":{"rendered":"<p>Nous avons le plaisir de vous inviter \u00e0 participer \u00e0 nos \u00e9v\u00e9nements de la saison d&rsquo;automne. T\u00e9l\u00e9charger Agenda 2019<\/p>\n","protected":false},"author":1,"featured_media":5489,"comment_status":"closed","ping_status":"closed","sticky":false,"template":"","format":"standard","meta":{"_acf_changed":false,"_et_pb_use_builder":"","_et_pb_old_content":"","_et_gb_content_width":"","footnotes":""},"categories":[17],"tags":[],"class_list":["post-5483","post","type-post","status-publish","format-standard","has-post-thumbnail","hentry","category-actualites","et-has-post-format-content","et_post_format-et-post-format-standard"],"acf":[],"_links":{"self":[{"href":"https:\/\/paris.pan.pl\/fr\/wp-json\/wp\/v2\/posts\/5483","targetHints":{"allow":["GET"]}}],"collection":[{"href":"https:\/\/paris.pan.pl\/fr\/wp-json\/wp\/v2\/posts"}],"about":[{"href":"https:\/\/paris.pan.pl\/fr\/wp-json\/wp\/v2\/types\/post"}],"author":[{"embeddable":true,"href":"https:\/\/paris.pan.pl\/fr\/wp-json\/wp\/v2\/users\/1"}],"replies":[{"embeddable":true,"href":"https:\/\/paris.pan.pl\/fr\/wp-json\/wp\/v2\/comments?post=5483"}],"version-history":[{"count":0,"href":"https:\/\/paris.pan.pl\/fr\/wp-json\/wp\/v2\/posts\/5483\/revisions"}],"wp:featuredmedia":[{"embeddable":true,"href":"https:\/\/paris.pan.pl\/fr\/wp-json\/wp\/v2\/media\/5489"}],"wp:attachment":[{"href":"https:\/\/paris.pan.pl\/fr\/wp-json\/wp\/v2\/media?parent=5483"}],"wp:term":[{"taxonomy":"category","embeddable":true,"href":"https:\/\/paris.pan.pl\/fr\/wp-json\/wp\/v2\/categories?post=5483"},{"taxonomy":"post_tag","embeddable":true,"href":"https:\/\/paris.pan.pl\/fr\/wp-json\/wp\/v2\/tags?post=5483"}],"curies":[{"name":"wp","href":"https:\/\/api.w.org\/{rel}","templated":true}]}}