{"id":9138,"date":"2021-07-15T14:00:59","date_gmt":"2021-07-15T14:00:59","guid":{"rendered":"https:\/\/paris.pan.pl\/?p=9138"},"modified":"2021-07-26T13:29:38","modified_gmt":"2021-07-26T13:29:38","slug":"appel-a-projets-2022","status":"publish","type":"post","link":"https:\/\/paris.pan.pl\/fr\/appel-a-projets-2022\/","title":{"rendered":"Appel \u00e0 projets 2022"},"content":{"rendered":"<h1><strong>Appel \u00e0 projets d\u2019\u00e9v\u00e9nements scientifiques au Centre de l&rsquo;APS \u00e0 Paris en 2022<\/strong><\/h1>\n<p style=\"padding-left: 40px;\"><span style=\"color: #003366;\">Le Centre Scientifique de l\u2019Acad\u00e9mie Polonaise des Sciences \u00e0 Paris a pour mission de d\u00e9velopper la coop\u00e9ration scientifique franco-polonaise ainsi que de faire conna\u00eetre la science polonaise en France \u00e0 travers des colloques, conf\u00e9rences, s\u00e9minaires ou rencontres autour des livres scientifiques.<\/span><\/p>\n<p><span style=\"color: #003366;\"><div class='et-box et-shadow'>\n\t\t\t\t\t<div class='et-box-content'><span style=\"color: #008080;\">Dans le cadre de l\u2019\u00e9laboration d\u2019un nouveau plan d\u2019action, nous lan\u00e7ons un appel \u00e0 projets d\u2019\u00e9v\u00e9nements scientifiques au Centre de l&rsquo;APS \u00e0 Paris en 2022.<\/span><\/div><\/div><\/span><\/p>\n<p><span style=\"color: #003366;\">Cette offre s\u2019adresse aux unit\u00e9s scientifiques et de recherche polonaises et fran\u00e7aises souhaitant organiser un \u00e9v\u00e9nement scientifique \u00e0 Paris qui aura pour but la promotion des r\u00e9sultats de leurs recherches.<\/span><\/p>\n<p><span style=\"color: #003366;\">Le <strong><a style=\"color: #003366;\" href=\"https:\/\/paris.pan.pl\/wp-content\/uploads\/2021\/07\/Formularz_SNPANParis_2022.docx\">formulaire<\/a><\/strong> d\u00fbment rempli en deux des trois langues indiqu\u00e9es (le polonais, le fran\u00e7ais ou l\u2019anglais) doit \u00eatre renvoy\u00e9 <strong>avant le 15 septembre 2021<\/strong> \u00e0 l\u2019adresse : <strong><a style=\"color: #003366;\" href=\"mailto:secretariat@paris.pan.pl\">secretariat@paris.pan.pl<\/a><\/strong>.<\/span><\/p>\n<p><span style=\"color: #003366;\">Veuillez noter que l\u2019\u00e9v\u00e9nement doit se d\u00e9rouler en fran\u00e7ais ou en anglais et qu\u2019il est possible d\u2019h\u00e9berger les intervenants et les organisateurs (jusqu\u2019\u00e0 10 personnes) dans les chambres d\u2019h\u00f4tes du Centre Scientifique \u00e0 Paris. Les point additionnels seront ajoutes aux projets r\u00e9f\u00e9rent aux mission du programme <a href=\"https:\/\/ec.europa.eu\/info\/research-and-innovation\/funding\/funding-opportunities\/funding-programmes-and-open-calls\/horizon-europe\/missions-horizon-europe_fr?etrans=fr\">Horizon Europe<\/a> :<br \/>\n<\/span><\/p>\n<ul>\n<li><a href=\"https:\/\/ec.europa.eu\/info\/research-and-innovation\/funding\/funding-opportunities\/funding-programmes-and-open-calls\/horizon-europe\/missions-horizon-europe\/cancer_fr\">cancer<\/a><\/li>\n<li><a href=\"https:\/\/ec.europa.eu\/info\/research-and-innovation\/funding\/funding-opportunities\/funding-programmes-and-open-calls\/horizon-europe\/missions-horizon-europe\/adaptation-climate-change-including-societal-transformation_fr\">adaptation aux changements climatiques, y compris la transformation soci\u00e9tale<\/a><\/li>\n<li><a href=\"https:\/\/ec.europa.eu\/info\/research-and-innovation\/funding\/funding-opportunities\/funding-programmes-and-open-calls\/horizon-europe\/missions-horizon-europe\/healthy-oceans-seas-coastal-and-inland-waters_fr\">oc\u00e9ans, mers et eaux c\u00f4ti\u00e8res et int\u00e9rieures sains<\/a><\/li>\n<li><a href=\"https:\/\/ec.europa.eu\/info\/research-and-innovation\/funding\/funding-opportunities\/funding-programmes-and-open-calls\/horizon-europe\/missions-horizon-europe\/climate-neutral-and-smart-cities_fr\">villes climatiquement neutres et intelligentes<\/a><\/li>\n<li><a href=\"https:\/\/ec.europa.eu\/info\/research-and-innovation\/funding\/funding-opportunities\/funding-programmes-and-open-calls\/horizon-europe\/missions-horizon-europe\/soil-health-and-food_fr\">sant\u00e9 des sols et alimentation<\/a><\/li>\n<\/ul>\n<p><span style=\"color: #003366;\">Tous les projets soumis \u00e0 la date limite et satisfaisant aux conditions de forme seront \u00e9valu\u00e9s par un comit\u00e9 scientifique interne. Toutes les unit\u00e9s candidates seront ensuite inform\u00e9es des r\u00e9sultats de la s\u00e9lection.<\/span><\/p>\n<p><span style=\"color: #003366;\">Si vous avez besoin de renseignement compl\u00e9mentaire, n\u2019h\u00e9sitez pas \u00e0 contacter <\/span><\/p>\n<p style=\"padding-left: 40px;\"><span style=\"color: #003366;\">Mlle <strong>Natalia Pstr\u0105g<\/strong><\/span><\/p>\n<p style=\"padding-left: 40px;\"><span style=\"color: #003366;\">par mail <a style=\"color: #003366;\" href=\"mailto: natalia.pstrag@paris.pan.pl\"><strong>natalia.pstrag@paris.pan.pl<\/strong><\/a> ou par t\u00e9l\u00e9phone <strong>00<\/strong> <strong>33 1 56 90 18 49<\/strong>.<\/span><\/p>\n<p><span style=\"color: #003366;\">Nous vous invitons \u00e0 la coop\u00e9ration !<\/span><\/p>\n<p><span style=\"color: #003366;\"><em>\u00c9quipe du Centre Scientifique de l\u2019Acad\u00e9mie Polonaise des Sciences \u00e0 Paris<\/em><\/span><\/p>\n<p><a href=\"https:\/\/paris.pan.pl\/wp-content\/uploads\/2021\/07\/Formularz_SNPANParis_2022.docx\"><span style=\"text-decoration: underline;\"><strong><span style=\"color: #008080; text-decoration: underline;\">Formulaire<\/span><\/strong><\/span><\/a><\/p>\n","protected":false},"excerpt":{"rendered":"<p>Appel \u00e0 projets d\u2019\u00e9v\u00e9nements scientifiques au Centre de l&rsquo;APS \u00e0 Paris en 2022 Le Centre Scientifique de l\u2019Acad\u00e9mie Polonaise des Sciences \u00e0 Paris a pour mission de d\u00e9velopper la coop\u00e9ration scientifique franco-polonaise ainsi que de faire conna\u00eetre la science polonaise en France \u00e0 travers des colloques, conf\u00e9rences, s\u00e9minaires ou rencontres autour des livres scientifiques. Cette [&hellip;]<\/p>\n","protected":false},"author":51,"featured_media":7538,"comment_status":"closed","ping_status":"closed","sticky":false,"template":"","format":"standard","meta":{"_acf_changed":false,"_et_pb_use_builder":"","_et_pb_old_content":"","_et_gb_content_width":"","footnotes":""},"categories":[17],"tags":[],"class_list":["post-9138","post","type-post","status-publish","format-standard","has-post-thumbnail","hentry","category-actualites","et-has-post-format-content","et_post_format-et-post-format-standard"],"acf":[],"_links":{"self":[{"href":"https:\/\/paris.pan.pl\/fr\/wp-json\/wp\/v2\/posts\/9138","targetHints":{"allow":["GET"]}}],"collection":[{"href":"https:\/\/paris.pan.pl\/fr\/wp-json\/wp\/v2\/posts"}],"about":[{"href":"https:\/\/paris.pan.pl\/fr\/wp-json\/wp\/v2\/types\/post"}],"author":[{"embeddable":true,"href":"https:\/\/paris.pan.pl\/fr\/wp-json\/wp\/v2\/users\/51"}],"replies":[{"embeddable":true,"href":"https:\/\/paris.pan.pl\/fr\/wp-json\/wp\/v2\/comments?post=9138"}],"version-history":[{"count":0,"href":"https:\/\/paris.pan.pl\/fr\/wp-json\/wp\/v2\/posts\/9138\/revisions"}],"wp:featuredmedia":[{"embeddable":true,"href":"https:\/\/paris.pan.pl\/fr\/wp-json\/wp\/v2\/media\/7538"}],"wp:attachment":[{"href":"https:\/\/paris.pan.pl\/fr\/wp-json\/wp\/v2\/media?parent=9138"}],"wp:term":[{"taxonomy":"category","embeddable":true,"href":"https:\/\/paris.pan.pl\/fr\/wp-json\/wp\/v2\/categories?post=9138"},{"taxonomy":"post_tag","embeddable":true,"href":"https:\/\/paris.pan.pl\/fr\/wp-json\/wp\/v2\/tags?post=9138"}],"curies":[{"name":"wp","href":"https:\/\/api.w.org\/{rel}","templated":true}]}}